{"id":39416,"date":"2025-12-11T14:45:56","date_gmt":"2025-12-11T13:45:56","guid":{"rendered":"https:\/\/www.teatrodonizetti.it\/?p=39416"},"modified":"2025-12-11T15:06:14","modified_gmt":"2025-12-11T14:06:14","slug":"archivio-benvenuto-cuminetti-323-filmati-di-spettacoli-dal-1983-al-2001-in-edizione-digitalizzata","status":"publish","type":"post","link":"https:\/\/www.teatrodonizetti.it\/it\/archivio-benvenuto-cuminetti-323-filmati-di-spettacoli-dal-1983-al-2001-in-edizione-digitalizzata\/","title":{"rendered":"Archivio Benvenuto Cuminetti: 323 filmati di spettacoli dal 1983 al 2001 in edizione digitalizzata"},"content":{"rendered":"<div class=\"fusion-fullwidth fullwidth-box fusion-builder-row-1 fusion-flex-container nonhundred-percent-fullwidth non-hundred-percent-height-scrolling\" style=\"--awb-border-radius-top-left:0px;--awb-border-radius-top-right:0px;--awb-border-radius-bottom-right:0px;--awb-border-radius-bottom-left:0px;--awb-flex-wrap:wrap;\" ><div class=\"fusion-builder-row fusion-row fusion-flex-align-items-flex-start fusion-flex-content-wrap\" style=\"max-width:1331.2px;margin-left: calc(-4% \/ 2 );margin-right: calc(-4% \/ 2 );\"><div class=\"fusion-layout-column fusion_builder_column fusion-builder-column-0 fusion_builder_column_1_1 1_1 fusion-flex-column\" style=\"--awb-bg-size:cover;--awb-width-large:100%;--awb-margin-top-large:0px;--awb-spacing-right-large:1.92%;--awb-margin-bottom-large:0px;--awb-spacing-left-large:1.92%;--awb-width-medium:100%;--awb-spacing-right-medium:1.92%;--awb-spacing-left-medium:1.92%;--awb-width-small:100%;--awb-spacing-right-small:1.92%;--awb-spacing-left-small:1.92%;\"><div class=\"fusion-column-wrapper fusion-flex-justify-content-flex-start fusion-content-layout-column\"><div class=\"fusion-text fusion-text-1\"><h3 style=\"text-align: center;\"><strong><em>Archivio Benvenuto Cuminetti<br \/>\n<\/em><\/strong><strong>323 filmati di spettacoli dal 1983 al 2001<br \/>\n<\/strong><strong style=\"font-size: 16px;\">in edizione digitalizzata<\/strong><\/h3>\n<p>25 anni fa, il 6 settembre 2020, ci lasciava Benvenuto Cuminetti, figura fondamentale della vita teatrale, e pi\u00f9 in generale culturale, della Citt\u00e0 di Bergamo nei suoi anni di Direzione Artistica della Stagione di Prosa del Teatro Donizetti, nonch\u00e9 di ideatore della rassegna Altri Percorsi. Oggi, la Fondazione Teatro Donizetti ne ricorda l\u2019operato dedicandogli la Stagione di Prosa e Altri Percorsi 2025\/2026 e con la costituzione dell\u2019<strong><em>Archivio Benvenuto Cuminetti<\/em><\/strong> che, nell\u2019arco di tre anni, porter\u00e0 alla digitalizzazione dei filmati, ora conservati in formato analogico, di <strong>323 spettacoli andati in scena al Teatro Donizetti dal 1983 al 2001<\/strong>, per complessive oltre 700 ore di riprese. La digitalizzazione di un materiale cos\u00ec imponente, a cura di Gianfranco Rota, andr\u00e0 a costituire una preziosa documentazione disponibile per la consultazione presso il Centro Studi della Fondazione Teatro Donizetti.<\/p>\n<p>Tra i tantissimi materiali che l\u2019<em>Archivio Benvenuto Cuminetti<\/em> render\u00e0 disponibili per la visione in formato digitale, ci saranno titoli che restano nella memoria collettiva, come <strong><em>Sei personaggi in cerca d\u2019autore<\/em> <\/strong>e <strong><em>Assassinio nella cattedrale<\/em><\/strong>, spettacoli che, per la regia di <strong>Patroni Griffi <\/strong>con protagonista <strong>Giulio Bosetti<\/strong>, debuttarono a Bergamo e le cui prove aperte permisero di conoscere il dietro le quinte di una produzione. Saranno inoltre disponibili i lavori con le meravigliose scenografie di <strong>Lele Luzzati<\/strong>, a cui Cuminetti dedic\u00f2 anche una mostra, e si potranno ammirare le interpretazioni di attori del calibro di <strong>Vittorio Gassman<\/strong>, <strong>Aroldo Tieri<\/strong>, <strong>Lina Volonghi<\/strong>, <strong>Paola Borboni<\/strong>, <strong>Valeria Valeri<\/strong>, <strong>Tino Carraro<\/strong>, <strong>Anna Proclemer<\/strong>, <strong>Salvo Randone<\/strong>, <strong>Franco Parenti<\/strong>, <strong>Lucia Morlacchi<\/strong>, <strong>Corrado Pani<\/strong>, <strong>Turi Ferro<\/strong>, <strong>Alberto Lionello<\/strong>, <strong>Carmelo Bene<\/strong>. Ma anche artisti che negli anni Ottanta e Novanta iniziavano il loro percorso: \u00e8 il caso di compagnie come il <strong>Teatro delle Albe<\/strong> di Ravenna o <strong>Laboratorio Teatro Settimo<\/strong>. Per alcuni di questi spettacoli le riprese presenti nell\u2019archivio della Fondazione sono l\u2019unica copia esistente e questo li rende ancora pi\u00f9 preziosi.<\/p>\n<p>\u00abSiamo particolarmente lieti di poter annunciare la creazione dell\u2019<em>Archivio Benvenuto Cuminetti<\/em>, doveroso omaggio a chi il nostro Teatro lo ha fatto crescere sino a farlo diventare uno dei luoghi di rappresentazione teatrale pi\u00f9 importanti a livello nazionale\u00bb, commenta <strong>Massimo Boffelli<\/strong>, Direttore Generale della Fondazione Teatro Donizetti, \u00abNell\u2019ambito delle nostre attivit\u00e0 la ricerca scientifica e la documentazione storica rivestono un ruolo di assoluto rilievo: l\u2019archivio dedicato a Benvenuto Cuminetti si inserisce a pieno titolo in questo filone sottolineando il valore di un\u2019eredit\u00e0 che vogliamo condividere con il nostro pubblico e con gli\u00a0 studiosi del teatro\u00bb.<\/p>\n<p><strong>Maria Grazia Panigada<\/strong>, Direttrice Artistica della Stagione di Prosa e Altri Percorsi, ricorda cos\u00ec colui che pu\u00f2 essere considerato il suo maestro elettivo: \u00abCredo che il nostro teatro sia debitore per tantissimi aspetti a Cuminetti: \u00e8 come se fosse lui il fondatore del Teatro Donizetti per quanto riguarda la prosa. Non perch\u00e9 prima non si facesse, ma perch\u00e9 Cuminetti ha impostato una politica culturale precisa e l\u2019ha realizzata: convinto che un teatro civico deve educare alla visione il proprio pubblico, ha creato un ricco calendario di incontri, opportunit\u00e0 formative, pubblicazioni, e non ha avuto paura di aprire la programmazione a chi andava sperimentando nuovi linguaggi. Da lui ho imparato che la programmazione di una stagione teatrale si fa vedendo gli spettacoli, tanti, tantissimi, per poi poter decidere cosa portare a Bergamo; da lui ho imparato l\u2019importanza del relazionarsi con attori, registi, drammaturghi per poter conoscere in anticipo progetti ancora in cantiere\u00bb.<\/p>\n<p>\u00abQuando abbiamo deciso come ricordarlo nel venticinquesimo dalla sua scomparsa, ho pensato che dovessimo fare qualcosa che affondasse le radici in ci\u00f2 che lui aveva fatto, ma che fosse importante per l\u2019oggi e per il futuro. Cos\u00ec \u00e8 nata l\u2019idea di creare di mettere in sicurezza in formato digitale l\u2019enorme patrimonio di riprese degli spettacoli da lui programmati. Sono grata al dottor Massimo Boffelli che ha condiviso con me questo progetto e lo ha reso possibile\u00bb, conclude Maria Grazia Panigada.<\/p>\n<\/div><div class=\"fusion-separator fusion-full-width-sep\" style=\"align-self: center;margin-left: auto;margin-right: auto;width:100%;\"><div class=\"fusion-separator-border sep-single\" style=\"--awb-height:20px;--awb-amount:20px;border-color:#e0dede;border-top-width:1px;\"><\/div><\/div><div class=\"fusion-video fusion-youtube\" style=\"--awb-max-width:600px;--awb-max-height:350px;--awb-align-self:center;--awb-width:100%;\"><div class=\"video-shortcode\"><lite-youtube videoid=\"8gkLm5DaHt0\" class=\"landscape\" params=\"wmode=transparent&autoplay=1&amp;enablejsapi=1\" title=\"YouTube video player 1\" data-button-label=\"Play Video\" width=\"600\" height=\"350\" data-thumbnail-size=\"auto\" data-no-cookie=\"on\"><\/lite-youtube><\/div><\/div><\/div><\/div><\/div><\/div>\n","protected":false},"excerpt":{"rendered":"","protected":false},"author":7,"featured_media":39417,"comment_status":"closed","ping_status":"closed","sticky":false,"template":"","format":"standard","meta":{"footnotes":""},"categories":[70],"tags":[],"post_folder":[],"class_list":["post-39416","post","type-post","status-publish","format-standard","has-post-thumbnail","hentry","category-news"],"_links":{"self":[{"href":"https:\/\/www.teatrodonizetti.it\/it\/wp-json\/wp\/v2\/posts\/39416","targetHints":{"allow":["GET"]}}],"collection":[{"href":"https:\/\/www.teatrodonizetti.it\/it\/wp-json\/wp\/v2\/posts"}],"about":[{"href":"https:\/\/www.teatrodonizetti.it\/it\/wp-json\/wp\/v2\/types\/post"}],"author":[{"embeddable":true,"href":"https:\/\/www.teatrodonizetti.it\/it\/wp-json\/wp\/v2\/users\/7"}],"replies":[{"embeddable":true,"href":"https:\/\/www.teatrodonizetti.it\/it\/wp-json\/wp\/v2\/comments?post=39416"}],"version-history":[{"count":5,"href":"https:\/\/www.teatrodonizetti.it\/it\/wp-json\/wp\/v2\/posts\/39416\/revisions"}],"predecessor-version":[{"id":39424,"href":"https:\/\/www.teatrodonizetti.it\/it\/wp-json\/wp\/v2\/posts\/39416\/revisions\/39424"}],"wp:featuredmedia":[{"embeddable":true,"href":"https:\/\/www.teatrodonizetti.it\/it\/wp-json\/wp\/v2\/media\/39417"}],"wp:attachment":[{"href":"https:\/\/www.teatrodonizetti.it\/it\/wp-json\/wp\/v2\/media?parent=39416"}],"wp:term":[{"taxonomy":"category","embeddable":true,"href":"https:\/\/www.teatrodonizetti.it\/it\/wp-json\/wp\/v2\/categories?post=39416"},{"taxonomy":"post_tag","embeddable":true,"href":"https:\/\/www.teatrodonizetti.it\/it\/wp-json\/wp\/v2\/tags?post=39416"},{"taxonomy":"post_folder","embeddable":true,"href":"https:\/\/www.teatrodonizetti.it\/it\/wp-json\/wp\/v2\/post_folder?post=39416"}],"curies":[{"name":"wp","href":"https:\/\/api.w.org\/{rel}","templated":true}]}}