{"id":355,"date":"2020-12-04T15:30:08","date_gmt":"2020-12-04T15:30:08","guid":{"rendered":"http:\/\/www.teatrodonizetti.it\/?p=355"},"modified":"2023-06-14T15:19:56","modified_gmt":"2023-06-14T13:19:56","slug":"i-grandi-interpreti","status":"publish","type":"post","link":"https:\/\/www.teatrodonizetti.it\/it\/i-grandi-interpreti\/","title":{"rendered":"I grandi interpreti"},"content":{"rendered":"<p><div class=\"fusion-fullwidth fullwidth-box fusion-builder-row-1 fusion-flex-container nonhundred-percent-fullwidth non-hundred-percent-height-scrolling\" style=\"--awb-border-radius-top-left:0px;--awb-border-radius-top-right:0px;--awb-border-radius-bottom-right:0px;--awb-border-radius-bottom-left:0px;--awb-flex-wrap:wrap;\" ><div class=\"fusion-builder-row fusion-row fusion-flex-align-items-flex-start fusion-flex-content-wrap\" style=\"max-width:1331.2px;margin-left: calc(-4% \/ 2 );margin-right: calc(-4% \/ 2 );\"><div class=\"fusion-layout-column fusion_builder_column fusion-builder-column-0 fusion_builder_column_1_1 1_1 fusion-flex-column\" style=\"--awb-bg-size:cover;--awb-width-large:100%;--awb-margin-top-large:0px;--awb-spacing-right-large:1.92%;--awb-margin-bottom-large:20px;--awb-spacing-left-large:1.92%;--awb-width-medium:100%;--awb-order-medium:0;--awb-spacing-right-medium:1.92%;--awb-spacing-left-medium:1.92%;--awb-width-small:100%;--awb-order-small:0;--awb-spacing-right-small:1.92%;--awb-spacing-left-small:1.92%;\"><div class=\"fusion-column-wrapper fusion-column-has-shadow fusion-flex-justify-content-flex-start fusion-content-layout-column\"><div class=\"fusion-text fusion-text-1\" style=\"--awb-text-transform:none;\"><h5><em><span style=\"font-weight: 400;\">Il teatro \u00e8 molto frequentato ed apprezzato. Ma le condizioni politiche, intanto, cambiano, a Bergamo come in tutta l&#8217;Italia Settentrionale. Scacciate dalla reazione dell&#8217;Austria, della Prussia e della Russia al predominio napoleonico, le truppe francesi abbandonano nel 1814 la citt\u00e0 e al loro posto si insediano quelle austriache. Comincia il dominio dell&#8217;Austria, che durer\u00e0 quarantacinque anni.<\/span><\/em><\/h5>\n<h3><span style=\"font-weight: 400;\">Lirica<\/span><\/h3>\n<h5><em><span style=\"font-weight: 400;\">Nel 1830 l&#8217;amministrazione del Teatro passa all&#8217;impresario Bartolomeo Merelli, che aveva studiato musica con Donizetti. Suo il merito di aver ospitato Vincenzo Bellini nel 1830 con <\/span><span style=\"font-weight: 400;\">La straniera<\/span><span style=\"font-weight: 400;\"> e nel 1831 con <\/span><span style=\"font-weight: 400;\">Norma<\/span><span style=\"font-weight: 400;\">, curandone in proprio la messinscena. Ed \u00e8 ancora benemerenza del Merelli se le opere di Gaetano Donizetti vengono rappresentate a Bergamo in gran numero, a partire dal 1837, collaborando ad affermare le fortune del compositore bergamasco. Nel <\/span><b>1840<\/b> <span style=\"font-weight: 400;\">per la prima volta Bergamo tributa una pubblica manifestazione (sar\u00e0 anche l&#8217;ultima, lui vivente) a <\/span><b>Donizetti, presente in teatro <\/b><span style=\"font-weight: 400;\">per la rappresentazione della sua opera <\/span><span style=\"font-weight: 400;\">L&#8217;esule di Roma<\/span><span style=\"font-weight: 400;\">, interpretata da cantanti di grido come Domenico Donzelli, Eugenia Tadolini e Ignazio Marini. Si tramandano in quell\u2019occasione inseguimenti della carrozza del Maestro. A Bergamo Donizetti torner\u00e0 definitivamente nel 1847 per morirvi l&#8217;anno successivo (8 aprile 1848).<\/span><\/em><\/h5>\n<h5><em><span style=\"font-weight: 400;\">Il gusto musicale dell&#8217;epoca \u00e8 molto esigente, nascono in citt\u00e0 diverse societ\u00e0 filarmoniche, si crea la prima banda cittadina, si aprono nuovi teatri. Si affermano al Riccardi grandi cantanti. Un evento del periodo considerato \u00e8 il debutto di Giuseppe Verdi, presente in teatro, con l&#8217;<\/span><span style=\"font-weight: 400;\">Ernani <\/span><span style=\"font-weight: 400;\">(1844). L&#8217;esito della rappresentazione, curata dallo stesso Verdi, \u00e8 positivo. Verdi torna al Riccardi per curare la messinscena del <\/span><span style=\"font-weight: 400;\">Rigoletto<\/span><span style=\"font-weight: 400;\"> nel 1854, per la sua &#8220;prima&#8221; in Lombardia.<\/span><\/em><\/h5>\n<\/div><div class=\"awb-gallery-wrapper awb-gallery-wrapper-1 button-span-no\"><div style=\"margin:-5px;--awb-bordersize:0px;\" class=\"fusion-gallery fusion-gallery-container fusion-grid-3 fusion-columns-total-3 fusion-gallery-layout-grid fusion-gallery-1\"><div style=\"padding:5px;\" class=\"fusion-grid-column fusion-gallery-column fusion-gallery-column-3\"><div class=\"fusion-gallery-image fusion-gallery-image-liftup\"><a href=\"https:\/\/www.teatrodonizetti.it\/wp-content\/uploads\/2020\/12\/img_storia-66.jpg\" rel=\"noreferrer\" data-rel=\"iLightbox[gallery_image_1]\" class=\"fusion-lightbox\" target=\"_self\"><img loading=\"lazy\" decoding=\"async\" src=\"https:\/\/www.teatrodonizetti.it\/wp-content\/uploads\/2020\/12\/img_storia-66.jpg\" width=\"482\" height=\"800\" alt=\"\" title=\"img_storia-66\" aria-label=\"img_storia-66\" class=\"img-responsive wp-image-1958\" srcset=\"https:\/\/www.teatrodonizetti.it\/wp-content\/uploads\/2020\/12\/img_storia-66-200x332.jpg 200w, https:\/\/www.teatrodonizetti.it\/wp-content\/uploads\/2020\/12\/img_storia-66-400x664.jpg 400w, https:\/\/www.teatrodonizetti.it\/wp-content\/uploads\/2020\/12\/img_storia-66.jpg 482w\" sizes=\"auto, (min-width: 2200px) 100vw, (min-width: 784px) 423px, (min-width: 712px) 635px, (min-width: 640px) 712px, \" \/><\/a><\/div><\/div><div style=\"padding:5px;\" class=\"fusion-grid-column fusion-gallery-column fusion-gallery-column-3\"><div class=\"fusion-gallery-image fusion-gallery-image-liftup\"><a href=\"https:\/\/www.teatrodonizetti.it\/wp-content\/uploads\/2020\/12\/img_storia-60.jpg\" rel=\"noreferrer\" data-rel=\"iLightbox[gallery_image_1]\" class=\"fusion-lightbox\" target=\"_self\"><img loading=\"lazy\" decoding=\"async\" src=\"https:\/\/www.teatrodonizetti.it\/wp-content\/uploads\/2020\/12\/img_storia-60.jpg\" width=\"800\" height=\"1199\" alt=\"\" title=\"img_storia-60\" aria-label=\"img_storia-60\" class=\"img-responsive wp-image-1920\" srcset=\"https:\/\/www.teatrodonizetti.it\/wp-content\/uploads\/2020\/12\/img_storia-60-200x300.jpg 200w, https:\/\/www.teatrodonizetti.it\/wp-content\/uploads\/2020\/12\/img_storia-60-400x600.jpg 400w, https:\/\/www.teatrodonizetti.it\/wp-content\/uploads\/2020\/12\/img_storia-60-600x899.jpg 600w, https:\/\/www.teatrodonizetti.it\/wp-content\/uploads\/2020\/12\/img_storia-60.jpg 800w\" sizes=\"auto, (min-width: 2200px) 100vw, (min-width: 784px) 423px, (min-width: 712px) 635px, (min-width: 640px) 712px, \" \/><\/a><\/div><\/div><div style=\"padding:5px;\" class=\"fusion-grid-column fusion-gallery-column fusion-gallery-column-3\"><div class=\"fusion-gallery-image fusion-gallery-image-liftup\"><a href=\"https:\/\/www.teatrodonizetti.it\/wp-content\/uploads\/2020\/12\/img_storia-59.jpg\" rel=\"noreferrer\" data-rel=\"iLightbox[gallery_image_1]\" class=\"fusion-lightbox\" target=\"_self\"><img loading=\"lazy\" decoding=\"async\" src=\"https:\/\/www.teatrodonizetti.it\/wp-content\/uploads\/2020\/12\/img_storia-59.jpg\" width=\"800\" height=\"1134\" alt=\"\" title=\"img_storia-59\" aria-label=\"img_storia-59\" class=\"img-responsive wp-image-1921\" srcset=\"https:\/\/www.teatrodonizetti.it\/wp-content\/uploads\/2020\/12\/img_storia-59-200x284.jpg 200w, https:\/\/www.teatrodonizetti.it\/wp-content\/uploads\/2020\/12\/img_storia-59-400x567.jpg 400w, https:\/\/www.teatrodonizetti.it\/wp-content\/uploads\/2020\/12\/img_storia-59-600x851.jpg 600w, https:\/\/www.teatrodonizetti.it\/wp-content\/uploads\/2020\/12\/img_storia-59.jpg 800w\" sizes=\"auto, (min-width: 2200px) 100vw, (min-width: 784px) 423px, (min-width: 712px) 635px, (min-width: 640px) 712px, \" \/><\/a><\/div><\/div><div class=\"clearfix\"><\/div><\/div><\/div><div class=\"fusion-separator fusion-full-width-sep\" style=\"align-self: center;margin-left: auto;margin-right: auto;margin-top:10px;margin-bottom:10px;width:100%;\"><\/div><div class=\"fusion-text fusion-text-2\" style=\"--awb-text-transform:none;\"><h3><span style=\"font-weight: 400;\">Spettacoli<\/span><\/h3>\n<h5><em><span style=\"font-weight: 400;\">Al Teatro Riccardi non si rappresentano solo opere in musica. Sono presenti i balletti, le commedie e spettacoli di vario genere. Tra gli attori di prosa si avvicendano sulle tavole del Riccardi i maggiori interpreti italiani del tempo, come Giuseppe Salvini, Francesco Augusto Bon, Luigi Romagnoli, tutti capostipiti di famiglie di grandi teatranti, e poi Romualdo Mascherpa, Giuseppe Moncalvo, Maddalena Pelzet, Adelaide Ristori, Gustavo Modena. Si registrano anche i vaudevilles (progenitori dell&#8217;operetta) e meraviglie scientifiche come l&#8217;Agioscopio e il Miriafanorama, sistemi di proiezioni luminose che precorrono in un certo senso, nel 1846, il cinematografo.<\/span><\/em><\/h5>\n<\/div><\/div><\/div><\/div><\/div><div class=\"fusion-fullwidth fullwidth-box fusion-builder-row-2 fusion-flex-container nonhundred-percent-fullwidth non-hundred-percent-height-scrolling\" style=\"--awb-border-radius-top-left:0px;--awb-border-radius-top-right:0px;--awb-border-radius-bottom-right:0px;--awb-border-radius-bottom-left:0px;--awb-padding-top:60px;--awb-flex-wrap:wrap;\" ><div class=\"fusion-builder-row fusion-row fusion-flex-align-items-flex-start fusion-flex-content-wrap\" style=\"max-width:1331.2px;margin-left: calc(-4% \/ 2 );margin-right: calc(-4% \/ 2 );\"><div class=\"fusion-layout-column fusion_builder_column fusion-builder-column-1 fusion_builder_column_1_3 1_3 fusion-flex-column title-box\" style=\"--awb-bg-size:cover;--awb-width-large:33.333333333333%;--awb-margin-top-large:0px;--awb-spacing-right-large:5.76%;--awb-margin-bottom-large:0px;--awb-spacing-left-large:5.76%;--awb-width-medium:33.333333333333%;--awb-order-medium:0;--awb-spacing-right-medium:5.76%;--awb-spacing-left-medium:5.76%;--awb-width-small:33.333333333333%;--awb-order-small:0;--awb-spacing-right-small:5.76%;--awb-spacing-left-small:5.76%;\"><div class=\"fusion-column-wrapper fusion-column-has-shadow fusion-flex-justify-content-flex-start fusion-content-layout-column\"><div style=\"text-align:center;\"><a class=\"fusion-button button-flat button-large button-custom fusion-button-default button-1 fusion-button-span-no fusion-no-small-visibility fusion-no-medium-visibility scopri_black\" style=\"--button_accent_color:#000000;--button_border_color:#000000;--button_accent_hover_color:#ffffff;--button_border_hover_color:#000000;--button_border_width-top:1px;--button_border_width-right:1px;--button_border_width-bottom:1px;--button_border_width-left:1px;--button_gradient_top_color:rgba(190,0,0,0);--button_gradient_bottom_color:rgba(190,0,0,0);--button_gradient_top_color_hover:#444444;--button_gradient_bottom_color_hover:#444444;--button_text_transform:uppercase;\" target=\"_self\" href=\"http:\/\/www.teatrodonizetti.it\/it\/la-storia-del-teatro-donizetti\/la-rinascita-dell-800-nel-segno-di-mayr\/\"><span class=\"fusion-button-text awb-button__text awb-button__text--default\">&lt;&lt; Precedente<\/span><\/a><\/div><div style=\"text-align:center;\"><a class=\"fusion-button button-flat button-large button-custom fusion-button-default button-2 fusion-button-span-no fusion-no-large-visibility scopri_black\" style=\"--button_accent_color:#000000;--button_border_color:#000000;--button_accent_hover_color:#ffffff;--button_border_hover_color:#000000;--button_border_width-top:1px;--button_border_width-right:1px;--button_border_width-bottom:1px;--button_border_width-left:1px;--button_gradient_top_color:rgba(190,0,0,0);--button_gradient_bottom_color:rgba(190,0,0,0);--button_gradient_top_color_hover:#444444;--button_gradient_bottom_color_hover:#444444;--button_text_transform:uppercase;\" target=\"_self\" href=\"http:\/\/www.teatrodonizetti.it\/it\/la-storia-del-teatro-donizetti\/la-rinascita-dell-800-nel-segno-di-mayr\/\"><span class=\"fusion-button-text awb-button__text awb-button__text--default\">&lt;&lt;<\/span><\/a><\/div><\/div><\/div><div class=\"fusion-layout-column fusion_builder_column fusion-builder-column-2 fusion_builder_column_1_3 1_3 fusion-flex-column title-box\" style=\"--awb-bg-size:cover;--awb-width-large:33.333333333333%;--awb-margin-top-large:0px;--awb-spacing-right-large:5.76%;--awb-margin-bottom-large:0px;--awb-spacing-left-large:5.76%;--awb-width-medium:33.333333333333%;--awb-order-medium:0;--awb-spacing-right-medium:5.76%;--awb-spacing-left-medium:5.76%;--awb-width-small:33.333333333333%;--awb-order-small:0;--awb-spacing-right-small:5.76%;--awb-spacing-left-small:5.76%;\"><div class=\"fusion-column-wrapper fusion-column-has-shadow fusion-flex-justify-content-flex-start fusion-content-layout-column\"><\/div><\/div><div class=\"fusion-layout-column fusion_builder_column fusion-builder-column-3 fusion_builder_column_1_3 1_3 fusion-flex-column title-box\" style=\"--awb-bg-size:cover;--awb-width-large:33.333333333333%;--awb-margin-top-large:0px;--awb-spacing-right-large:5.76%;--awb-margin-bottom-large:0px;--awb-spacing-left-large:5.76%;--awb-width-medium:33.333333333333%;--awb-order-medium:0;--awb-spacing-right-medium:5.76%;--awb-spacing-left-medium:5.76%;--awb-width-small:33.333333333333%;--awb-order-small:0;--awb-spacing-right-small:5.76%;--awb-spacing-left-small:5.76%;\"><div class=\"fusion-column-wrapper fusion-column-has-shadow fusion-flex-justify-content-flex-start fusion-content-layout-column\"><div style=\"text-align:center;\"><a class=\"fusion-button button-flat button-large button-custom fusion-button-default button-3 fusion-button-span-no fusion-no-small-visibility fusion-no-medium-visibility scopri_black\" style=\"--button_accent_color:#000000;--button_border_color:#000000;--button_accent_hover_color:#ffffff;--button_border_hover_color:#000000;--button_border_width-top:1px;--button_border_width-right:1px;--button_border_width-bottom:1px;--button_border_width-left:1px;--button_gradient_top_color:rgba(190,0,0,0);--button_gradient_bottom_color:rgba(190,0,0,0);--button_gradient_top_color_hover:#444444;--button_gradient_bottom_color_hover:#444444;--button_text_transform:uppercase;\" target=\"_self\" href=\"http:\/\/www.teatrodonizetti.it\/it\/la-storia-del-teatro-donizetti\/il-teatro-nel-risorgimento\/\"><span class=\"fusion-button-text awb-button__text awb-button__text--default\">Successivo &gt;&gt;<\/span><\/a><\/div><div style=\"text-align:center;\"><a class=\"fusion-button button-flat button-large button-custom fusion-button-default button-4 fusion-button-span-no fusion-no-large-visibility scopri_black\" style=\"--button_accent_color:#000000;--button_border_color:#000000;--button_accent_hover_color:#ffffff;--button_border_hover_color:#000000;--button_border_width-top:1px;--button_border_width-right:1px;--button_border_width-bottom:1px;--button_border_width-left:1px;--button_gradient_top_color:rgba(190,0,0,0);--button_gradient_bottom_color:rgba(190,0,0,0);--button_gradient_top_color_hover:#444444;--button_gradient_bottom_color_hover:#444444;--button_text_transform:uppercase;\" target=\"_self\" href=\"http:\/\/www.teatrodonizetti.it\/it\/la-storia-del-teatro-donizetti\/il-teatro-nel-risorgimento\/\"><span class=\"fusion-button-text awb-button__text awb-button__text--default\">&gt;&gt;<\/span><\/a><\/div><\/div><\/div><\/div><\/div><\/p>\n","protected":false},"excerpt":{"rendered":"","protected":false},"author":1,"featured_media":1131,"comment_status":"closed","ping_status":"open","sticky":false,"template":"","format":"standard","meta":{"footnotes":""},"categories":[16],"tags":[],"post_folder":[],"class_list":["post-355","post","type-post","status-publish","format-standard","has-post-thumbnail","hentry","category-la-storia-del-teatro-donizetti"],"_links":{"self":[{"href":"https:\/\/www.teatrodonizetti.it\/it\/wp-json\/wp\/v2\/posts\/355","targetHints":{"allow":["GET"]}}],"collection":[{"href":"https:\/\/www.teatrodonizetti.it\/it\/wp-json\/wp\/v2\/posts"}],"about":[{"href":"https:\/\/www.teatrodonizetti.it\/it\/wp-json\/wp\/v2\/types\/post"}],"author":[{"embeddable":true,"href":"https:\/\/www.teatrodonizetti.it\/it\/wp-json\/wp\/v2\/users\/1"}],"replies":[{"embeddable":true,"href":"https:\/\/www.teatrodonizetti.it\/it\/wp-json\/wp\/v2\/comments?post=355"}],"version-history":[{"count":0,"href":"https:\/\/www.teatrodonizetti.it\/it\/wp-json\/wp\/v2\/posts\/355\/revisions"}],"wp:featuredmedia":[{"embeddable":true,"href":"https:\/\/www.teatrodonizetti.it\/it\/wp-json\/wp\/v2\/media\/1131"}],"wp:attachment":[{"href":"https:\/\/www.teatrodonizetti.it\/it\/wp-json\/wp\/v2\/media?parent=355"}],"wp:term":[{"taxonomy":"category","embeddable":true,"href":"https:\/\/www.teatrodonizetti.it\/it\/wp-json\/wp\/v2\/categories?post=355"},{"taxonomy":"post_tag","embeddable":true,"href":"https:\/\/www.teatrodonizetti.it\/it\/wp-json\/wp\/v2\/tags?post=355"},{"taxonomy":"post_folder","embeddable":true,"href":"https:\/\/www.teatrodonizetti.it\/it\/wp-json\/wp\/v2\/post_folder?post=355"}],"curies":[{"name":"wp","href":"https:\/\/api.w.org\/{rel}","templated":true}]}}