{"id":256,"date":"2020-12-03T15:35:35","date_gmt":"2020-12-03T15:35:35","guid":{"rendered":"http:\/\/www.teatrodonizetti.it\/?p=256"},"modified":"2023-06-14T11:00:45","modified_gmt":"2023-06-14T09:00:45","slug":"la-rinascita-dell-800-nel-segno-di-mayr","status":"publish","type":"post","link":"https:\/\/www.teatrodonizetti.it\/it\/la-rinascita-dell-800-nel-segno-di-mayr\/","title":{"rendered":"La rinascita dell&#8217; &#8216;800 nel segno di Mayr"},"content":{"rendered":"<p><div class=\"fusion-fullwidth fullwidth-box fusion-builder-row-1 fusion-flex-container nonhundred-percent-fullwidth non-hundred-percent-height-scrolling\" style=\"--awb-border-radius-top-left:0px;--awb-border-radius-top-right:0px;--awb-border-radius-bottom-right:0px;--awb-border-radius-bottom-left:0px;--awb-flex-wrap:wrap;\" ><div class=\"fusion-builder-row fusion-row fusion-flex-align-items-flex-start fusion-flex-content-wrap\" style=\"max-width:1331.2px;margin-left: calc(-4% \/ 2 );margin-right: calc(-4% \/ 2 );\"><div class=\"fusion-layout-column fusion_builder_column fusion-builder-column-0 fusion_builder_column_1_2 1_2 fusion-flex-column\" style=\"--awb-bg-size:cover;--awb-width-large:50%;--awb-margin-top-large:0px;--awb-spacing-right-large:3.84%;--awb-margin-bottom-large:20px;--awb-spacing-left-large:3.84%;--awb-width-medium:100%;--awb-order-medium:0;--awb-spacing-right-medium:1.92%;--awb-spacing-left-medium:1.92%;--awb-width-small:100%;--awb-order-small:0;--awb-spacing-right-small:1.92%;--awb-spacing-left-small:1.92%;\"><div class=\"fusion-column-wrapper fusion-column-has-shadow fusion-flex-justify-content-flex-start fusion-content-layout-column\"><div class=\"fusion-image-element \" style=\"text-align:center;--awb-max-width:500px;--awb-caption-title-font-family:var(--h2_typography-font-family);--awb-caption-title-font-weight:var(--h2_typography-font-weight);--awb-caption-title-font-style:var(--h2_typography-font-style);--awb-caption-title-size:var(--h2_typography-font-size);--awb-caption-title-transform:var(--h2_typography-text-transform);--awb-caption-title-line-height:var(--h2_typography-line-height);--awb-caption-title-letter-spacing:var(--h2_typography-letter-spacing);\"><span class=\" fusion-imageframe imageframe-none imageframe-1 hover-type-none\"><a href=\"http:\/\/www.teatrodonizetti.it\/wp-content\/uploads\/2020\/12\/img_storia-65.jpg\" class=\"fusion-lightbox\" data-rel=\"iLightbox[9dcd045610699cbae71]\" data-caption=\"Disegno a penna del Teatro Riccardi visto dal confinante Campo di Marte verso Borgo S. Leonardo \u2013 primo Ottocento \u2013 Biblioteca Civica A. Mai e Archivi Storici Comunali. Raccolta Gaffuri, 4\" data-title=\"img_storia-65\" title=\"img_storia-65\"><img loading=\"lazy\" decoding=\"async\" width=\"1058\" height=\"800\" src=\"http:\/\/www.teatrodonizetti.it\/wp-content\/uploads\/2020\/12\/img_storia-65.jpg\" alt class=\"img-responsive wp-image-1941\" srcset=\"https:\/\/www.teatrodonizetti.it\/wp-content\/uploads\/2020\/12\/img_storia-65-200x151.jpg 200w, https:\/\/www.teatrodonizetti.it\/wp-content\/uploads\/2020\/12\/img_storia-65-400x302.jpg 400w, https:\/\/www.teatrodonizetti.it\/wp-content\/uploads\/2020\/12\/img_storia-65-600x454.jpg 600w, https:\/\/www.teatrodonizetti.it\/wp-content\/uploads\/2020\/12\/img_storia-65-800x605.jpg 800w, https:\/\/www.teatrodonizetti.it\/wp-content\/uploads\/2020\/12\/img_storia-65.jpg 1058w\" sizes=\"auto, (max-width: 1024px) 100vw, (max-width: 640px) 100vw, 800px\" \/><\/a><\/span><\/div><\/div><\/div><div class=\"fusion-layout-column fusion_builder_column fusion-builder-column-1 fusion_builder_column_1_2 1_2 fusion-flex-column\" style=\"--awb-bg-size:cover;--awb-width-large:50%;--awb-margin-top-large:0px;--awb-spacing-right-large:3.84%;--awb-margin-bottom-large:20px;--awb-spacing-left-large:3.84%;--awb-width-medium:100%;--awb-order-medium:0;--awb-spacing-right-medium:1.92%;--awb-spacing-left-medium:1.92%;--awb-width-small:100%;--awb-order-small:0;--awb-spacing-right-small:1.92%;--awb-spacing-left-small:1.92%;\"><div class=\"fusion-column-wrapper fusion-column-has-shadow fusion-flex-justify-content-flex-start fusion-content-layout-column\"><div class=\"fusion-text fusion-text-1\" style=\"--awb-text-transform:none;\"><h5><em><span style=\"font-weight: 400;\">Il Riccardi non si perde d&#8217;animo e pensa a ricostruire con sollecitudine il suo teatro. Tanto pi\u00f9 che Bergamo, nel frattempo, \u00e8 completamente priva di teatri e deve ricorrere a stagioni in baracconi provvisori.<\/span><\/em><\/h5>\n<h5><em><span style=\"font-weight: 400;\">Il rinnovato Teatro Riccardi viene ricostruito interamente in muratura e, sempre per opera dell&#8217;architetto Lucchini, risorge pi\u00f9 imponente di prima, abbellito da pitture a chiaroscuro del Bonomini, pittore fra i pi\u00f9 originali del periodo fra Sette e Ottocento (ma in occasione dei lavori di restauro del 1870 il suo apporto al teatro va perduto).\u00a0<\/span><\/em><\/h5>\n<\/div><\/div><\/div><div class=\"fusion-layout-column fusion_builder_column fusion-builder-column-2 fusion_builder_column_1_2 1_2 fusion-flex-column\" style=\"--awb-bg-size:cover;--awb-width-large:50%;--awb-margin-top-large:0px;--awb-spacing-right-large:3.84%;--awb-margin-bottom-large:20px;--awb-spacing-left-large:3.84%;--awb-width-medium:100%;--awb-order-medium:0;--awb-spacing-right-medium:1.92%;--awb-spacing-left-medium:1.92%;--awb-width-small:100%;--awb-order-small:0;--awb-spacing-right-small:1.92%;--awb-spacing-left-small:1.92%;\"><div class=\"fusion-column-wrapper fusion-column-has-shadow fusion-flex-justify-content-flex-start fusion-content-layout-column\"><div class=\"fusion-separator fusion-full-width-sep\" style=\"align-self: center;margin-left: auto;margin-right: auto;margin-top:20px;margin-bottom:15px;width:100%;\"><\/div><div class=\"fusion-image-element \" style=\"text-align:center;--awb-max-width:400px;--awb-caption-title-font-family:var(--h2_typography-font-family);--awb-caption-title-font-weight:var(--h2_typography-font-weight);--awb-caption-title-font-style:var(--h2_typography-font-style);--awb-caption-title-size:var(--h2_typography-font-size);--awb-caption-title-transform:var(--h2_typography-text-transform);--awb-caption-title-line-height:var(--h2_typography-line-height);--awb-caption-title-letter-spacing:var(--h2_typography-letter-spacing);\"><span class=\" fusion-imageframe imageframe-none imageframe-2 hover-type-none\"><a href=\"http:\/\/www.teatrodonizetti.it\/wp-content\/uploads\/2020\/12\/img_storia-58.jpg\" class=\"fusion-lightbox\" data-rel=\"iLightbox[1c5b03972034e33dbea]\" data-caption=\"Gaetano Barabini, Ritratto di Simone Mayr (1827). Olio su tela \u00a9 Museo delle Storie di Bergamo, Museo Donizettiano\" data-title=\"img_storia-58\" title=\"img_storia-58\"><img loading=\"lazy\" decoding=\"async\" width=\"800\" height=\"1011\" src=\"http:\/\/www.teatrodonizetti.it\/wp-content\/uploads\/2020\/12\/img_storia-58.jpg\" alt class=\"img-responsive wp-image-1915\" srcset=\"https:\/\/www.teatrodonizetti.it\/wp-content\/uploads\/2020\/12\/img_storia-58-200x253.jpg 200w, https:\/\/www.teatrodonizetti.it\/wp-content\/uploads\/2020\/12\/img_storia-58-400x506.jpg 400w, https:\/\/www.teatrodonizetti.it\/wp-content\/uploads\/2020\/12\/img_storia-58-600x758.jpg 600w, https:\/\/www.teatrodonizetti.it\/wp-content\/uploads\/2020\/12\/img_storia-58.jpg 800w\" sizes=\"auto, (max-width: 1024px) 100vw, (max-width: 640px) 100vw, 800px\" \/><\/a><\/span><\/div><\/div><\/div><div class=\"fusion-layout-column fusion_builder_column fusion-builder-column-3 fusion_builder_column_1_2 1_2 fusion-flex-column\" style=\"--awb-bg-size:cover;--awb-width-large:50%;--awb-margin-top-large:0px;--awb-spacing-right-large:3.84%;--awb-margin-bottom-large:20px;--awb-spacing-left-large:3.84%;--awb-width-medium:100%;--awb-order-medium:0;--awb-spacing-right-medium:1.92%;--awb-spacing-left-medium:1.92%;--awb-width-small:100%;--awb-order-small:0;--awb-spacing-right-small:1.92%;--awb-spacing-left-small:1.92%;\"><div class=\"fusion-column-wrapper fusion-column-has-shadow fusion-flex-justify-content-flex-start fusion-content-layout-column\"><div class=\"fusion-text fusion-text-2\" style=\"--awb-text-transform:none;\"><h5><em><span style=\"font-weight: 400;\">Il Teatro Riccardi <\/span><b>viene riaperto al pubblico il 30 giugno 1800<\/b> <span style=\"font-weight: 400;\">con uno spettacolo di prosa.<br \/>\n<\/span><\/em><em><span style=\"font-weight: 400;\">Nasce la Seconda Repubblica Cisalpina e le truppe francesi presidiano Bergamo. Al Teatro Riccardi si danno rappresentazioni di diverso tipo in onore dei nuovi dominatori.<br \/>\n<\/span><\/em><em><span style=\"font-weight: 400;\">Il periodo \u00e8 contrassegnato dai guai giuridico-economici del Riccardi e poi dei suoi congiunti, ai quali passa la propriet\u00e0 e l&#8217;amministrazione del Teatro.<\/span><\/em><\/h5>\n<h5><em><span style=\"font-weight: 400;\">Artisticamente, l&#8217;inizio del secolo vede l&#8217;affermazione al Riccardi di un illustre musicista bavarese, diventato bergamasco, <\/span><b>Giovanni Simone Mayr<\/b><span style=\"font-weight: 400;\">; lo straordinario impulso da lui impresso alla vita musicale della citt\u00e0 si esercita pure negli spettacoli d&#8217;opera al Riccardi fin dal 1801, anche se \u00e8 solo dal 1802 che il musicista si installa definitivamente in citt\u00e0, intervenendo direttamente per diversi anni nell&#8217;allestimento delle sue opere. Nello stesso anno \u00e8 nominato direttore della Cappella di Santa Maria Maggiore e nel 1805 fonda le Lezioni caritatevoli di musica, poi Istituto Musicale, nel cui ambito sar\u00e0 il maestro e padre spirituale di Donizetti. Nel secondo decennio del secolo sar\u00e0 il turno di Rossini: sono infatti le opere del musicista pesarese a dominare in tale periodo al Riccardi.<\/span><\/em><\/h5>\n<\/div><\/div><\/div><\/div><\/div><div class=\"fusion-fullwidth fullwidth-box fusion-builder-row-2 fusion-flex-container nonhundred-percent-fullwidth non-hundred-percent-height-scrolling\" style=\"--awb-border-radius-top-left:0px;--awb-border-radius-top-right:0px;--awb-border-radius-bottom-right:0px;--awb-border-radius-bottom-left:0px;--awb-padding-top:60px;--awb-flex-wrap:wrap;\" ><div class=\"fusion-builder-row fusion-row fusion-flex-align-items-flex-start fusion-flex-content-wrap\" style=\"max-width:1331.2px;margin-left: calc(-4% \/ 2 );margin-right: calc(-4% \/ 2 );\"><div class=\"fusion-layout-column fusion_builder_column fusion-builder-column-4 fusion_builder_column_1_3 1_3 fusion-flex-column title-box\" style=\"--awb-bg-size:cover;--awb-width-large:33.333333333333%;--awb-margin-top-large:0px;--awb-spacing-right-large:5.76%;--awb-margin-bottom-large:0px;--awb-spacing-left-large:5.76%;--awb-width-medium:33.333333333333%;--awb-order-medium:0;--awb-spacing-right-medium:5.76%;--awb-spacing-left-medium:5.76%;--awb-width-small:33.333333333333%;--awb-order-small:0;--awb-spacing-right-small:5.76%;--awb-spacing-left-small:5.76%;\"><div class=\"fusion-column-wrapper fusion-column-has-shadow fusion-flex-justify-content-flex-start fusion-content-layout-column\"><div style=\"text-align:center;\"><a class=\"fusion-button button-flat button-large button-custom fusion-button-default button-1 fusion-button-span-no fusion-no-small-visibility fusion-no-medium-visibility scopri_black\" style=\"--button_accent_color:#000000;--button_border_color:#000000;--button_accent_hover_color:#ffffff;--button_border_hover_color:#000000;--button_border_width-top:1px;--button_border_width-right:1px;--button_border_width-bottom:1px;--button_border_width-left:1px;--button_gradient_top_color:rgba(190,0,0,0);--button_gradient_bottom_color:rgba(190,0,0,0);--button_gradient_top_color_hover:#444444;--button_gradient_bottom_color_hover:#444444;--button_text_transform:uppercase;\" target=\"_self\" href=\"http:\/\/www.teatrodonizetti.it\/it\/la-storia-del-teatro-donizetti\/il-teatro-riccardi\/\"><span class=\"fusion-button-text awb-button__text awb-button__text--default\">&lt;&lt; Precedente<\/span><\/a><\/div><div style=\"text-align:center;\"><a class=\"fusion-button button-flat button-large button-custom fusion-button-default button-2 fusion-button-span-no fusion-no-large-visibility scopri_black\" style=\"--button_accent_color:#000000;--button_border_color:#000000;--button_accent_hover_color:#ffffff;--button_border_hover_color:#000000;--button_border_width-top:1px;--button_border_width-right:1px;--button_border_width-bottom:1px;--button_border_width-left:1px;--button_gradient_top_color:rgba(190,0,0,0);--button_gradient_bottom_color:rgba(190,0,0,0);--button_gradient_top_color_hover:#444444;--button_gradient_bottom_color_hover:#444444;--button_text_transform:uppercase;\" target=\"_self\" href=\"http:\/\/www.teatrodonizetti.it\/it\/la-storia-del-teatro-donizetti\/il-teatro-riccardi\/\"><span class=\"fusion-button-text awb-button__text awb-button__text--default\">&lt;&lt;<\/span><\/a><\/div><\/div><\/div><div class=\"fusion-layout-column fusion_builder_column fusion-builder-column-5 fusion_builder_column_1_3 1_3 fusion-flex-column title-box\" style=\"--awb-bg-size:cover;--awb-width-large:33.333333333333%;--awb-margin-top-large:0px;--awb-spacing-right-large:5.76%;--awb-margin-bottom-large:0px;--awb-spacing-left-large:5.76%;--awb-width-medium:33.333333333333%;--awb-order-medium:0;--awb-spacing-right-medium:5.76%;--awb-spacing-left-medium:5.76%;--awb-width-small:33.333333333333%;--awb-order-small:0;--awb-spacing-right-small:5.76%;--awb-spacing-left-small:5.76%;\"><div class=\"fusion-column-wrapper fusion-column-has-shadow fusion-flex-justify-content-flex-start fusion-content-layout-column\"><\/div><\/div><div class=\"fusion-layout-column fusion_builder_column fusion-builder-column-6 fusion_builder_column_1_3 1_3 fusion-flex-column title-box\" style=\"--awb-bg-size:cover;--awb-width-large:33.333333333333%;--awb-margin-top-large:0px;--awb-spacing-right-large:5.76%;--awb-margin-bottom-large:0px;--awb-spacing-left-large:5.76%;--awb-width-medium:33.333333333333%;--awb-order-medium:0;--awb-spacing-right-medium:5.76%;--awb-spacing-left-medium:5.76%;--awb-width-small:33.333333333333%;--awb-order-small:0;--awb-spacing-right-small:5.76%;--awb-spacing-left-small:5.76%;\"><div class=\"fusion-column-wrapper fusion-column-has-shadow fusion-flex-justify-content-flex-start fusion-content-layout-column\"><div style=\"text-align:center;\"><a class=\"fusion-button button-flat button-large button-custom fusion-button-default button-3 fusion-button-span-no fusion-no-small-visibility fusion-no-medium-visibility scopri_black\" style=\"--button_accent_color:#000000;--button_border_color:#000000;--button_accent_hover_color:#ffffff;--button_border_hover_color:#000000;--button_border_width-top:1px;--button_border_width-right:1px;--button_border_width-bottom:1px;--button_border_width-left:1px;--button_gradient_top_color:rgba(190,0,0,0);--button_gradient_bottom_color:rgba(190,0,0,0);--button_gradient_top_color_hover:#444444;--button_gradient_bottom_color_hover:#444444;--button_text_transform:uppercase;\" target=\"_self\" href=\"http:\/\/www.teatrodonizetti.it\/it\/la-storia-del-teatro-donizetti\/i-grandi-interpreti\/\"><span class=\"fusion-button-text awb-button__text awb-button__text--default\">Successivo &gt;&gt;<\/span><\/a><\/div><div style=\"text-align:center;\"><a class=\"fusion-button button-flat button-large button-custom fusion-button-default button-4 fusion-button-span-no fusion-no-large-visibility scopri_black\" style=\"--button_accent_color:#000000;--button_border_color:#000000;--button_accent_hover_color:#ffffff;--button_border_hover_color:#000000;--button_border_width-top:1px;--button_border_width-right:1px;--button_border_width-bottom:1px;--button_border_width-left:1px;--button_gradient_top_color:rgba(190,0,0,0);--button_gradient_bottom_color:rgba(190,0,0,0);--button_gradient_top_color_hover:#444444;--button_gradient_bottom_color_hover:#444444;--button_text_transform:uppercase;\" target=\"_self\" href=\"http:\/\/www.teatrodonizetti.it\/it\/la-storia-del-teatro-donizetti\/i-grandi-interpreti\/\"><span class=\"fusion-button-text awb-button__text awb-button__text--default\">&gt;&gt;<\/span><\/a><\/div><\/div><\/div><\/div><\/div><\/p>\n","protected":false},"excerpt":{"rendered":"","protected":false},"author":1,"featured_media":1919,"comment_status":"closed","ping_status":"open","sticky":false,"template":"","format":"standard","meta":{"footnotes":""},"categories":[16],"tags":[],"post_folder":[],"class_list":["post-256","post","type-post","status-publish","format-standard","has-post-thumbnail","hentry","category-la-storia-del-teatro-donizetti"],"_links":{"self":[{"href":"https:\/\/www.teatrodonizetti.it\/it\/wp-json\/wp\/v2\/posts\/256","targetHints":{"allow":["GET"]}}],"collection":[{"href":"https:\/\/www.teatrodonizetti.it\/it\/wp-json\/wp\/v2\/posts"}],"about":[{"href":"https:\/\/www.teatrodonizetti.it\/it\/wp-json\/wp\/v2\/types\/post"}],"author":[{"embeddable":true,"href":"https:\/\/www.teatrodonizetti.it\/it\/wp-json\/wp\/v2\/users\/1"}],"replies":[{"embeddable":true,"href":"https:\/\/www.teatrodonizetti.it\/it\/wp-json\/wp\/v2\/comments?post=256"}],"version-history":[{"count":0,"href":"https:\/\/www.teatrodonizetti.it\/it\/wp-json\/wp\/v2\/posts\/256\/revisions"}],"wp:featuredmedia":[{"embeddable":true,"href":"https:\/\/www.teatrodonizetti.it\/it\/wp-json\/wp\/v2\/media\/1919"}],"wp:attachment":[{"href":"https:\/\/www.teatrodonizetti.it\/it\/wp-json\/wp\/v2\/media?parent=256"}],"wp:term":[{"taxonomy":"category","embeddable":true,"href":"https:\/\/www.teatrodonizetti.it\/it\/wp-json\/wp\/v2\/categories?post=256"},{"taxonomy":"post_tag","embeddable":true,"href":"https:\/\/www.teatrodonizetti.it\/it\/wp-json\/wp\/v2\/tags?post=256"},{"taxonomy":"post_folder","embeddable":true,"href":"https:\/\/www.teatrodonizetti.it\/it\/wp-json\/wp\/v2\/post_folder?post=256"}],"curies":[{"name":"wp","href":"https:\/\/api.w.org\/{rel}","templated":true}]}}