{"id":25536,"date":"2023-11-14T10:10:52","date_gmt":"2023-11-14T09:10:52","guid":{"rendered":"https:\/\/www.teatrodonizetti.it\/?p=25536"},"modified":"2023-11-14T11:40:35","modified_gmt":"2023-11-14T10:40:35","slug":"iliade-il-gioco-degli-dei-gli-incontri","status":"publish","type":"post","link":"https:\/\/www.teatrodonizetti.it\/it\/iliade-il-gioco-degli-dei-gli-incontri\/","title":{"rendered":"Iliade. \u201cIl gioco degli d\u00e8i\u201d: gli incontri"},"content":{"rendered":"<p>\u00c8 l\u2019evento che precede la chiusura ufficiale di \u201cBergamo Brescia Capitale Italiana della Cultura 2023\u201d e il primo titolo della Stagione di Prosa 2023\/2024 della Fondazione Teatro Donizetti: in cartellone dal 12 al 18 dicembre (con doppia replica fuori abbonamento sabato 16), <em>Iliade. \u201cIl gioco degli d\u00e8i\u201d<\/em>, a Bergamo in prima rappresentazione nazionale, si preannuncia spettacolo di indubbio spessore e di grande impatto. A firmarne la regia il collaudato team formato da Alessio Boni, Roberto Aldorasi, Francesco Niccolini e Marcello Prayer. Lo stesso attore bergamasco sar\u00e0 anche sul palcoscenico insieme a Iaia Forte e ad altri attori. Spettacolo complesso, le cui prove sono in corso a Roma prima di essere completate a Bergamo in vista del debutto, <em>Iliade. \u201cIl gioco degli d\u00e8i\u201d<\/em> offre l\u2019opportunit\u00e0 di un\u2019ampia riflessione grazie a una serie di incontri sulle diverse tematiche che emergono tutt\u2019oggi dal grande poema omerico, al quale lo spettacolo \u00e8 liberamente ispirato. Gli incontri, in programma alle ore 17.30 presso la Sala della Musica \u201cM. Tremaglia\u201d del Teatro Donizetti, sono rivolti al pubblico della Stagione, e in particolare agli studenti che poi assisteranno alle varie repliche, e vedranno la partecipazione di docenti delle scuole bergamasche, con la moderazione di Maria Grazia Panigada, Direttrice Artistica della Stagione di Prosa e Altri Percorsi. Ingresso libero fino a esaurimento posti.<\/p>\n<p>Il ciclo di incontri prende avvio mercoled\u00ec 22 novembre con l\u2019intervento del professor <strong>Alfredo Viscomi<\/strong>, docente di latino e greco presso il Liceo Classico \u201cPaolo Sarpi\u201d e di Lingua e Letteratura Latina presso l\u2019Universit\u00e0 Cattolica di Brescia. L\u2019incontro, dal titolo <em>L<\/em>\u2019<em>Iliade, il poema di una civilt\u00e0<\/em>, indagher\u00e0 il testo omerico attraverso passi rappresentativi in cui gli eroi e gli d\u00e8i protagonisti della guerra di Troia incarnano, con le loro azioni e il loro pensiero, i valori di riferimento nei quali ancora oggi \u00e8 possibile riconoscere vizi e virt\u00f9 dell\u2019umanit\u00e0 intera. In questa prospettiva, l\u2019Iliade non appare quindi solo come il pi\u00f9 grande poema di guerra della storia dell\u2019uomo, ma anche il poema di una civilt\u00e0, un testo fondativo in cui si delineano i valori della Grecia antica, costituendo una vera e propria enciclopedia della cultura e della civilt\u00e0 greche, gettando le basi per gli sviluppi successivi della civilt\u00e0 europea e occidentale.<\/p>\n<p>Tema dell\u2019incontro di marted\u00ec 28 novembre sar\u00e0 quindi <em>L<\/em>\u2019<em>Attualizzazione del mito dell\u2019eroe<\/em>, con il professor <strong>Marco Pacati<\/strong>, docente di italiano e latino alle scuole superiori, ex dirigente dell\u2019Istituto Professionale per l&#8217;Industria e l&#8217;Artigianato \u201cCesare Pesenti\u201d. Lungi dal costringere il testo omerico in anacronistiche e forzate attualizzazioni, il professor Pacati cercher\u00e0 di mostrare l\u2019universalit\u00e0 extratemporale dei comportamenti umani di cui gli eroi dell\u2019Iliade sono emblematici interpreti, anche alla luce della recente epidemia e dell\u2019invasivit\u00e0 dei social nella vita di tutti giorni.<\/p>\n<p>Marted\u00ec 5 dicembre si affronter\u00e0 invece il tema de <em>L\u2019Iliade<\/em> <em>nell\u2019arte<\/em> con la professoressa <strong>Maria Grazia Recanati<\/strong>, docente di Storia dell\u2019Arte Moderna presso l\u2019Accademia di Belle Arti \u201cG. Carrara\u201d, che offrir\u00e0 una panoramica della ricezione dell\u2019<em>Iliade<\/em> da parte degli artisti del mondo antico e tardoantico, che con le loro opere hanno rappresentato un repertorio fondamentale per lo sviluppo dell\u2019arte europea.<\/p>\n<p>Infine, gioved\u00ec 14 dicembre (ore 18, sempre nella Sala della Musica del Donizetti) \u00e8 previsto un incontro con gli artisti della compagnia, che entreranno nei dettagli dello spettacolo, dei suoi contenuti, rendendosi disponibili alle domande e alla curiosit\u00e0 del pubblico.<\/p>\n<p><em>Iliade. \u201cIl gioco degli d\u00e8i\u201d<\/em> sar\u00e0 anche al centro di una mostra curata da Clelia Epis e ospitata dal 9 al 18 dicembre all\u2019interno di Donizetti Studio e negli spazi del Teatro Donizetti adiacenti la biglietteria: uno sguardo al dietro le quinte attraverso i bozzetti e i disegni delle scene di Massimo Troncanetti, dei costumi di Francesco Esposito, e, soprattutto, delle creature e degli oggetti di scena creati da Alberto Favretto, Marta Montevecchi e Raquel Silva.<\/p>\n<p>&nbsp;<\/p>\n","protected":false},"excerpt":{"rendered":"<p>\u00c8 l\u2019evento che precede la chiusura ufficiale di \u201cBergamo Brescia Capitale Italiana della Cultura 2023\u201d e il primo titolo della Stagione di Prosa 2023\/2024 della Fondazione Teatro Donizetti: in cartellone dal 12 al 18 dicembre (con doppia replica fuori abbonamento sabato 16), Iliade. \u201cIl gioco degli d\u00e8i\u201d, a Bergamo in prima rappresentazione nazionale, si preannuncia spettacolo di indubbio spessore e di grande impatto. A firmarne la regia il collaudato team formato da Alessio Boni, Roberto Aldorasi, Francesco Niccolini e Marcello Prayer. Lo stesso attore bergamasco sar\u00e0 anche sul palcoscenico insieme a Iaia Forte e ad altri attori. Spettacolo complesso, le cui prove sono in corso a Roma prima di essere completate a Bergamo in vista del debutto, Iliade. \u201cIl gioco degli d\u00e8i\u201d offre l\u2019opportunit\u00e0 di un\u2019ampia riflessione grazie a una serie di incontri sulle diverse tematiche che emergono tutt\u2019oggi dal grande poema omerico, al quale lo spettacolo \u00e8 liberamente ispirato. Gli incontri, in programma alle ore 17.30 presso la Sala della Musica \u201cM. Tremaglia\u201d del Teatro Donizetti, sono rivolti al pubblico della Stagione, e in particolare agli studenti che poi assisteranno alle varie repliche, e vedranno la partecipazione di docenti delle scuole bergamasche, con la moderazione di Maria Grazia Panigada, Direttrice Artistica della Stagione di Prosa e Altri Percorsi. Ingresso libero fino a esaurimento posti. Il ciclo di incontri prende avvio mercoled\u00ec 22 novembre con l\u2019intervento del professor Alfredo Viscomi, docente di latino e greco presso il Liceo Classico \u201cPaolo Sarpi\u201d e di Lingua e Letteratura Latina presso l\u2019Universit\u00e0 Cattolica di Brescia. L\u2019incontro, dal titolo L\u2019Iliade, il poema di una civilt\u00e0, indagher\u00e0 il testo omerico attraverso passi rappresentativi in cui gli eroi e gli d\u00e8i protagonisti della guerra di Troia incarnano, con le loro azioni e il loro pensiero, i valori di riferimento nei quali ancora oggi \u00e8 possibile riconoscere vizi e virt\u00f9 dell\u2019umanit\u00e0 intera. In questa prospettiva, l\u2019Iliade non appare quindi solo come il pi\u00f9 grande poema di guerra della storia dell\u2019uomo, ma anche il poema di una civilt\u00e0, un testo fondativo in cui si delineano i valori della Grecia antica, costituendo una vera e propria enciclopedia della cultura e della civilt\u00e0 greche, gettando le basi per gli sviluppi successivi della civilt\u00e0 europea e occidentale. Tema dell\u2019incontro di marted\u00ec 28 novembre sar\u00e0 quindi L\u2019Attualizzazione del mito dell\u2019eroe, con il professor Marco Pacati, docente di italiano e latino alle scuole superiori, ex dirigente dell\u2019Istituto Professionale per l&#8217;Industria e l&#8217;Artigianato \u201cCesare Pesenti\u201d. Lungi dal costringere il testo omerico in anacronistiche e forzate attualizzazioni, il professor Pacati cercher\u00e0 di mostrare l\u2019universalit\u00e0 extratemporale dei comportamenti umani di cui gli eroi dell\u2019Iliade sono emblematici interpreti, anche alla luce della recente epidemia e dell\u2019invasivit\u00e0 dei social nella vita di tutti giorni. Marted\u00ec 5 dicembre si affronter\u00e0 invece il tema de L\u2019Iliade nell\u2019arte con la professoressa Maria Grazia Recanati, docente di Storia dell\u2019Arte Moderna presso l\u2019Accademia di Belle Arti \u201cG. Carrara\u201d, che offrir\u00e0 una panoramica della ricezione dell\u2019Iliade da parte degli artisti del mondo antico e tardoantico, che con le loro opere hanno rappresentato un repertorio<\/p>\n","protected":false},"author":7,"featured_media":25276,"comment_status":"closed","ping_status":"closed","sticky":false,"template":"","format":"standard","meta":{"footnotes":""},"categories":[70],"tags":[],"post_folder":[],"class_list":["post-25536","post","type-post","status-publish","format-standard","has-post-thumbnail","hentry","category-news"],"_links":{"self":[{"href":"https:\/\/www.teatrodonizetti.it\/it\/wp-json\/wp\/v2\/posts\/25536","targetHints":{"allow":["GET"]}}],"collection":[{"href":"https:\/\/www.teatrodonizetti.it\/it\/wp-json\/wp\/v2\/posts"}],"about":[{"href":"https:\/\/www.teatrodonizetti.it\/it\/wp-json\/wp\/v2\/types\/post"}],"author":[{"embeddable":true,"href":"https:\/\/www.teatrodonizetti.it\/it\/wp-json\/wp\/v2\/users\/7"}],"replies":[{"embeddable":true,"href":"https:\/\/www.teatrodonizetti.it\/it\/wp-json\/wp\/v2\/comments?post=25536"}],"version-history":[{"count":0,"href":"https:\/\/www.teatrodonizetti.it\/it\/wp-json\/wp\/v2\/posts\/25536\/revisions"}],"wp:featuredmedia":[{"embeddable":true,"href":"https:\/\/www.teatrodonizetti.it\/it\/wp-json\/wp\/v2\/media\/25276"}],"wp:attachment":[{"href":"https:\/\/www.teatrodonizetti.it\/it\/wp-json\/wp\/v2\/media?parent=25536"}],"wp:term":[{"taxonomy":"category","embeddable":true,"href":"https:\/\/www.teatrodonizetti.it\/it\/wp-json\/wp\/v2\/categories?post=25536"},{"taxonomy":"post_tag","embeddable":true,"href":"https:\/\/www.teatrodonizetti.it\/it\/wp-json\/wp\/v2\/tags?post=25536"},{"taxonomy":"post_folder","embeddable":true,"href":"https:\/\/www.teatrodonizetti.it\/it\/wp-json\/wp\/v2\/post_folder?post=25536"}],"curies":[{"name":"wp","href":"https:\/\/api.w.org\/{rel}","templated":true}]}}