{"id":25123,"date":"2023-11-02T11:28:16","date_gmt":"2023-11-02T10:28:16","guid":{"rendered":"https:\/\/www.teatrodonizetti.it\/?p=25123"},"modified":"2023-11-02T11:28:16","modified_gmt":"2023-11-02T10:28:16","slug":"stagione-di-prosa-2023-2024-nuove-repliche-per-iliade-e-la-buona-novella-e-grande-successo-per-la-campagna-abbonamenti","status":"publish","type":"post","link":"https:\/\/www.teatrodonizetti.it\/it\/stagione-di-prosa-2023-2024-nuove-repliche-per-iliade-e-la-buona-novella-e-grande-successo-per-la-campagna-abbonamenti\/","title":{"rendered":"Stagione di Prosa 2023\/2024: nuove repliche per &#8220;Iliade&#8221; e &#8220;La Buona novella&#8221; e grande successo per la campagna abbonamenti"},"content":{"rendered":"<p>Alla luce del successo della campagna abbonamenti alla prossima Stagione di Prosa &#8211; oltre 5.100 abbonati, con un incremento di oltre il 10% &#8211; la Fondazione Teatro Donizetti ha programmato ulteriori repliche per due dei sette spettacoli in cartellone: sabato 16 dicembre alle ore 17 per <em>Iliade. \u201cIl gioco degli d\u00e8i\u201d<\/em>, che vedr\u00e0 in scena in prima nazionale Alessio Boni e Iaia Forte dal 12 al 18 dicembre; luned\u00ec 11 marzo (ore 20.30) per <em>La buona novella<\/em>, spettacolo di teatro-canzone dedicato da Neri Marcor\u00e8 a Fabrizio De Andr\u00e9.<\/p>\n<p>\u00abL\u2019aggiunta di nuove repliche si \u00e8 resa necessaria per poter andare incontro alle numerose richieste di biglietti che abbiamo ricevuto in queste settimane\u00bb, commenta Massimo Boffelli, Direttore Generale della Fondazione Teatro Donizetti, \u00abCi sarebbe piaciuto poter aumentare le repliche anche per gli altri titoli, ma precedenti impegni delle compagnie non lo hanno consentito. Per la Stagione 2024\/2025 stiamo gi\u00e0 pensando di prevederne un numero maggiore sin dall\u2019inizio: il nostro pubblico cresce visibilmente ed \u00e8 nostro dovere andare incontro alle richieste sia di abbonamenti che di biglietti\u00bb.<\/p>\n<p>Per Maria Grazia Panigada, Direttrice Artistica della Stagione di Prosa e Altri Percorsi, il successo della campagna abbonamenti ha diverse motivazioni: \u00abInnanzitutto \u00e8 un segnale che a Bergamo il Teatro Donizetti e il Teatro Sociale sono sempre pi\u00f9 vissuti dagli spettatori come luoghi di condivisione, di compartecipazione a eventi di spettacolo che, ognuno a modo proprio, comunicano diverse esperienze di linguaggio teatrali. Ci\u00f2 ci permette anche di coinvolgere il pubblico pi\u00f9 giovane: sono infatti tantissimi gli istituti scolastici che hanno aderito ai nostri progetti formativi e al momento contiamo oltre 5.000 presenze di studenti tra Stagione di Prosa e Altri Percorsi\u00bb.<\/p>\n","protected":false},"excerpt":{"rendered":"<p>Alla luce del successo della campagna abbonamenti alla prossima Stagione di Prosa &#8211; oltre 5.100 abbonati, con un incremento di oltre il 10% &#8211; la Fondazione Teatro Donizetti ha programmato ulteriori repliche per due dei sette spettacoli in cartellone: sabato 16 dicembre alle ore 17 per Iliade. \u201cIl gioco degli d\u00e8i\u201d, che vedr\u00e0 in scena in prima nazionale Alessio Boni e Iaia Forte dal 12 al 18 dicembre; luned\u00ec 11 marzo (ore 20.30) per La buona novella, spettacolo di teatro-canzone dedicato da Neri Marcor\u00e8 a Fabrizio De Andr\u00e9. \u00abL\u2019aggiunta di nuove repliche si \u00e8 resa necessaria per poter andare incontro alle numerose richieste di biglietti che abbiamo ricevuto in queste settimane\u00bb, commenta Massimo Boffelli, Direttore Generale della Fondazione Teatro Donizetti, \u00abCi sarebbe piaciuto poter aumentare le repliche anche per gli altri titoli, ma precedenti impegni delle compagnie non lo hanno consentito. Per la Stagione 2024\/2025 stiamo gi\u00e0 pensando di prevederne un numero maggiore sin dall\u2019inizio: il nostro pubblico cresce visibilmente ed \u00e8 nostro dovere andare incontro alle richieste sia di abbonamenti che di biglietti\u00bb. Per Maria Grazia Panigada, Direttrice Artistica della Stagione di Prosa e Altri Percorsi, il successo della campagna abbonamenti ha diverse motivazioni: \u00abInnanzitutto \u00e8 un segnale che a Bergamo il Teatro Donizetti e il Teatro Sociale sono sempre pi\u00f9 vissuti dagli spettatori come luoghi di condivisione, di compartecipazione a eventi di spettacolo che, ognuno a modo proprio, comunicano diverse esperienze di linguaggio teatrali. Ci\u00f2 ci permette anche di coinvolgere il pubblico pi\u00f9 giovane: sono infatti tantissimi gli istituti scolastici che hanno aderito ai nostri progetti formativi e al momento contiamo oltre 5.000 presenze di studenti tra Stagione di Prosa e Altri Percorsi\u00bb.<\/p>\n","protected":false},"author":7,"featured_media":25124,"comment_status":"closed","ping_status":"closed","sticky":false,"template":"","format":"standard","meta":{"footnotes":""},"categories":[70],"tags":[],"post_folder":[],"class_list":["post-25123","post","type-post","status-publish","format-standard","has-post-thumbnail","hentry","category-news"],"_links":{"self":[{"href":"https:\/\/www.teatrodonizetti.it\/it\/wp-json\/wp\/v2\/posts\/25123","targetHints":{"allow":["GET"]}}],"collection":[{"href":"https:\/\/www.teatrodonizetti.it\/it\/wp-json\/wp\/v2\/posts"}],"about":[{"href":"https:\/\/www.teatrodonizetti.it\/it\/wp-json\/wp\/v2\/types\/post"}],"author":[{"embeddable":true,"href":"https:\/\/www.teatrodonizetti.it\/it\/wp-json\/wp\/v2\/users\/7"}],"replies":[{"embeddable":true,"href":"https:\/\/www.teatrodonizetti.it\/it\/wp-json\/wp\/v2\/comments?post=25123"}],"version-history":[{"count":0,"href":"https:\/\/www.teatrodonizetti.it\/it\/wp-json\/wp\/v2\/posts\/25123\/revisions"}],"wp:featuredmedia":[{"embeddable":true,"href":"https:\/\/www.teatrodonizetti.it\/it\/wp-json\/wp\/v2\/media\/25124"}],"wp:attachment":[{"href":"https:\/\/www.teatrodonizetti.it\/it\/wp-json\/wp\/v2\/media?parent=25123"}],"wp:term":[{"taxonomy":"category","embeddable":true,"href":"https:\/\/www.teatrodonizetti.it\/it\/wp-json\/wp\/v2\/categories?post=25123"},{"taxonomy":"post_tag","embeddable":true,"href":"https:\/\/www.teatrodonizetti.it\/it\/wp-json\/wp\/v2\/tags?post=25123"},{"taxonomy":"post_folder","embeddable":true,"href":"https:\/\/www.teatrodonizetti.it\/it\/wp-json\/wp\/v2\/post_folder?post=25123"}],"curies":[{"name":"wp","href":"https:\/\/api.w.org\/{rel}","templated":true}]}}