{"id":24859,"date":"2023-10-27T18:04:59","date_gmt":"2023-10-27T16:04:59","guid":{"rendered":"https:\/\/www.teatrodonizetti.it\/?p=24859"},"modified":"2023-10-27T18:04:59","modified_gmt":"2023-10-27T16:04:59","slug":"il-festival-donizetti-e-anche-education-e-family","status":"publish","type":"post","link":"https:\/\/www.teatrodonizetti.it\/it\/il-festival-donizetti-e-anche-education-e-family\/","title":{"rendered":"IL FESTIVAL DONIZETTI \u00c8 ANCHE EDUCATION E FAMILY"},"content":{"rendered":"<p style=\"text-align: center;\">Luce di Lammermoor\u00a0<em>\u00e8 la produzione dedicata alle scuole e alle famiglie al Teatro Sociale<\/em><br \/>\n<em>Ogni domenica del festival una diversa attivit\u00e0 per genitori e figli: la caccia al tesoro con <\/em>Il gufo investigatore\u00a0<em>e i laboratori\u00a0<\/em>Do-Re-Mi. Cantiamo insieme<\/p>\n<p>&nbsp;<\/p>\n<p>La nona edizione del festival Donizetti Opera \u00e8 ormai alle porte e ai titoli operistici gi\u00e0 noti, incontri e prove aperte, si aggiungono le attivit\u00e0 di Donizetti Education e Donizetti Opera Family.<\/p>\n<p>L\u2019attivit\u00e0 dedicata alle scuole della Fondazione Teatro Donizetti copre l\u2019intero periodo scolastico ma durante il festival si intensifica e si compone di alcuni appuntamenti performativi e momenti speciali dedicati alle famiglie. Come soggetto da approfondire nell\u2019edizione 2023, si \u00e8 scelto il capolavoro\u00a0<em>Lucia di Lammermoor<\/em>\u00a0che in questi mesi \u00e8 al centro di varie attivit\u00e0 interne alle scuole e che ogni anno segna l\u2019inizio del progetto con\u00a0<em>Lucia OFF<\/em>\u00a0di Francesco Micheli al Teatro Donizetti.<br \/>\nDurante il festival, nei giorni attorno al\u00a0<em>Dies Natalis<\/em>, l\u2019opera sar\u00e0 presentata agli studenti della scuola\u00a0primaria e secondaria di I grado, al Teatro Sociale\u00a0<strong>dal 28 novembre al 1\u00b0 dicembre<\/strong>\u00a0(con doppia recita alle ore 9.30 e alle 11.00) in una versione partecipata in italiano, creata per Bergamo e intitolata\u00a0<strong><em>Luce di Lammermoor<\/em><\/strong>; autore della drammaturgia e regia \u00e8\u00a0<strong>Manuel Renga<\/strong>, esperto di spettacoli musicali per bambini e ragazzi. La Direzione musicale \u00e8 di Aram Khacheh con il Quartetto Gli Originali e il pianista Marco Regazzi; le scene sono di Mauro Tinti, illustrazioni di Paola Rivolta, Videomaker Fabio Brusadin, Light Designer Matteo Benzoni. Interpreti vocali Vittoria Licostini (Spirito di Lucia), Nicol\u00f2 Dal Ben (Spirito di Edgardo), Elcin Adil (Spirito di Enrico), Luca Rota (Spirito di Normanno e di Arturo) e due attori Francesca Massari (Luce) e Edoardo Rivoira (Spirito di Caleb).<br \/>\nIl soggetto di questa produzione prende spunto dal romanzo di Walter Scott sul quale si basa anche il libretto dell\u2019opera di Gaetano Donizetti e si articola su alcuni\u00a0<em>topoi\u00a0<\/em>narrativi come il bosco, archetipo del viaggio di crescita, elementi fiabeschi come i fantasmi e l\u2019incontro con s\u00e9 stessi: \u00aba partire da questi spunti \u2013 racconta Manuel Renga \u2013 ho elaborato la storia della giovane Luce, del suo incontro con gli spiriti del bosco, in particolare con quello di Caleb (personaggio assente nell\u2019opera, ma molto presente nel testo di Scott) un\u00a0<em>fool<\/em>, il custode del castello di Lammermoor. In questa cornice narrativa si inserisce la storia di Lucia di Lammermoor, del suo amore con Edgardo, dell\u2019ostilit\u00e0 con il fratello Enrico fino alla sua follia. Il nostro bosco incantato rappresenta una sorta di labirinto e, proprio per questo, gli eventi dell\u2019opera di Donizetti non seguiranno la linea cronologica che tutti conosciamo, ma seguiranno il filo della memoria e del racconto dei personaggi. La domanda di Luce, \u201cPerch\u00e9 quello spirito piange\u201d, genera in Caleb la necessit\u00e0 di partire dalla fine della storia per la sua narrazione. Egli, infatti, risponde \u201cPerch\u00e9 \u00e8 impazzita di dolore&#8230;\u201d. Con questa tecnica narrativa si attraverser\u00e0 insieme alla giovane Luce l\u2019intera vicenda\u00bb.<\/p>\n<p><strong>Domenica 3 dicembre alle 17<\/strong>,\u00a0<em>Luce di Lammermoor<\/em>\u00a0sar\u00e0 aperta alle famiglie che alle 15.30 potranno anche partecipare ad un laboratorio di preparazione (biglietti 10 euro adulto \u2013 5 euro under14); sar\u00e0 il terzo appuntamento delle iniziative della rassegna\u00a0<strong>Donizetti Opera Family<\/strong>\u00a0che prender\u00e0 il via\u00a0<strong>domenica 19 novembre<\/strong>\u00a0con\u00a0<strong><em>Do-Re-Mi. Cantiamo insieme<\/em><\/strong><em>,\u00a0<\/em>laboratorio di canto che sar\u00e0 ospitato\u00a0all\u2019interno del \u201cDonizetti Studio\u201d in piazza Cavour. Sono in programma due turni, il primo alle ore 15.30 riservato ai bambini dai 6 ai 9 anni e il secondo alle ore 17, per i pi\u00f9 piccoli dai 3 ai 5 anni. \u00c8 obbligatoria la partecipazione congiunta di un adulto insieme a bambino che potranno sperimentare un\u2019esperienza musicale collettiva guidata da Alessandra Giolo, attraverso il canto, la voce e le esperienze sensoriali, coltivando cos\u00ec la propria sensibilit\u00e0 musicale, la fiducia, l\u2019autostima e l\u2019espressione delle emozioni. Biglietti: 15 euro (coppia di un adulto e un bambino); 20 euro (tre persone).<br \/>\n<strong>Domenica 26 novembre<\/strong>\u00a0per Donizetti Opera Family ci si sposta in Citt\u00e0 Alta per un\u2019avvincente caccia al tesoro donizettiana daL titolo\u00a0<strong><em>Il gufo investigatore<\/em><\/strong>: grandi e piccoli potranno divertirsi fra le strade e i vicoli storici alla ricerca delle parole chiave utili a scrivere il libretto per la prossima opera di Donizetti. Partenza da Casa natale in via Borgo canale ogni 30 minuti dalle 15 fino alle 16.30. Biglietti: 5\u20ac (singolo); 15\u20ac (due adulti e due bambini); 50\u20ac (gruppo da 11 a 15 persone).<\/p>\n<p>Fra le attivit\u00e0 Donizetti Education, rientrano anche le\u00a0<strong>tre anteprime Under30<\/strong>\u00a0\u2013 tutte alle ore 17.00 \u2013 delle opere che inaugurano il primo weekend del festival: marted\u00ec 14 novembre si inizia con\u00a0<em>Il diluvio universale\u00a0<\/em>al Teatro Donizetti, mercoled\u00ec 15 novembre si prosegue con\u00a0<em>Lucie di Lammermoor\u00a0<\/em>al Teatro Sociale, quindi gioved\u00ec 16 novembre di nuovo al Teatro Donizetti con\u00a0<em>Alfredo il Grande<\/em>. La partecipazione alle anteprime \u00e8 destinata principalmente alle secondarie di Secondo livello e rientra anche nel progetto Opera Wow\u00a0progetto realizzato in collaborazione con ATS (Agenzia di Tuteladella Salute) di Bergamo e con l\u2019Ufficio Scolastico Provinciale. L\u2019opera diventa un valido\u00a0strumento per accompagnare gli studenti ed i loro educatori nel percorso di vita che li\u00a0attende: attraverso le vicende dei protagonisti delle opere in cartellone vengono attivati percorso didattici e workshop con docenti e studenti per affrontare tematiche pi\u00f9 attuali e vicine ai ragazzi (environment per\u00a0<em>Il diluvio universale<\/em>, il coraggio di scegliere per\u00a0<em>Lucie<\/em>, la guerra per\u00a0<em>Alfredo il Grande<\/em>). Saranno attivati quindi due laboratori di espressione che utilizzano il teatro e la musica elettronica, con un approccio pi\u00f9 istintivo e sensoriale, per avvicinare i ragazzi al mondo ben pi\u00f9 complesso della produzione musicale e teatrale, rendendoli protagonisti nel processo creativo. Al termine del percorso ogni classe avr\u00e0 creato e inciso una traccia digitale con un brano ispirato all\u2019opera di Donizetti presa come esempio.<\/p>\n<p>Partir\u00e0 dal\u00a0<strong><em>Piccolo compositore di musica<\/em>\u00a0<\/strong>di Mayr \u2013 opera in programma il 2 dicembre nel festival 2023 \u2013 un nuovo progetto per le scuole secondarie di II livello che, dopo aver visto lo spettacolo dal vivo, prepareranno per fine anno scolastico una loro versione di questa partitura riscoperta da Candida Mantica e scritta come saggio di fine anno per gli allievi delle Lezioni caritatevoli.<\/p>\n<p>I biglietti per tutte le iniziative Opera Family e delle anteprime Under30 sono in vendita in biglietteria e sul sito\u00a0<a href=\"https:\/\/florianatessitore.us12.list-manage.com\/track\/click?u=9aecf99759cc1d6c0a0ef9c1d&amp;id=3fb0998501&amp;e=37183f1df1\" target=\"_blank\" rel=\"noopener\" data-saferedirecturl=\"https:\/\/www.google.com\/url?q=https:\/\/florianatessitore.us12.list-manage.com\/track\/click?u%3D9aecf99759cc1d6c0a0ef9c1d%26id%3D3fb0998501%26e%3D37183f1df1&amp;source=gmail&amp;ust=1698489610795000&amp;usg=AOvVaw3PH663zMOmdi3nqvq6X3T8\">www.gaetanodonizetti.org.<\/a><\/p>\n","protected":false},"excerpt":{"rendered":"<p>Luce di Lammermoor\u00a0\u00e8 la produzione dedicata alle scuole e alle famiglie al Teatro Sociale Ogni domenica del festival una diversa attivit\u00e0 per genitori e figli: la caccia al tesoro con Il gufo investigatore\u00a0e i laboratori\u00a0Do-Re-Mi. Cantiamo insieme &nbsp; La nona edizione del festival Donizetti Opera \u00e8 ormai alle porte e ai titoli operistici gi\u00e0 noti, incontri e prove aperte, si aggiungono le attivit\u00e0 di Donizetti Education e Donizetti Opera Family. L\u2019attivit\u00e0 dedicata alle scuole della Fondazione Teatro Donizetti copre l\u2019intero periodo scolastico ma durante il festival si intensifica e si compone di alcuni appuntamenti performativi e momenti speciali dedicati alle famiglie. Come soggetto da approfondire nell\u2019edizione 2023, si \u00e8 scelto il capolavoro\u00a0Lucia di Lammermoor\u00a0che in questi mesi \u00e8 al centro di varie attivit\u00e0 interne alle scuole e che ogni anno segna l\u2019inizio del progetto con\u00a0Lucia OFF\u00a0di Francesco Micheli al Teatro Donizetti. Durante il festival, nei giorni attorno al\u00a0Dies Natalis, l\u2019opera sar\u00e0 presentata agli studenti della scuola\u00a0primaria e secondaria di I grado, al Teatro Sociale\u00a0dal 28 novembre al 1\u00b0 dicembre\u00a0(con doppia recita alle ore 9.30 e alle 11.00) in una versione partecipata in italiano, creata per Bergamo e intitolata\u00a0Luce di Lammermoor; autore della drammaturgia e regia \u00e8\u00a0Manuel Renga, esperto di spettacoli musicali per bambini e ragazzi. La Direzione musicale \u00e8 di Aram Khacheh con il Quartetto Gli Originali e il pianista Marco Regazzi; le scene sono di Mauro Tinti, illustrazioni di Paola Rivolta, Videomaker Fabio Brusadin, Light Designer Matteo Benzoni. Interpreti vocali Vittoria Licostini (Spirito di Lucia), Nicol\u00f2 Dal Ben (Spirito di Edgardo), Elcin Adil (Spirito di Enrico), Luca Rota (Spirito di Normanno e di Arturo) e due attori Francesca Massari (Luce) e Edoardo Rivoira (Spirito di Caleb). Il soggetto di questa produzione prende spunto dal romanzo di Walter Scott sul quale si basa anche il libretto dell\u2019opera di Gaetano Donizetti e si articola su alcuni\u00a0topoi\u00a0narrativi come il bosco, archetipo del viaggio di crescita, elementi fiabeschi come i fantasmi e l\u2019incontro con s\u00e9 stessi: \u00aba partire da questi spunti \u2013 racconta Manuel Renga \u2013 ho elaborato la storia della giovane Luce, del suo incontro con gli spiriti del bosco, in particolare con quello di Caleb (personaggio assente nell\u2019opera, ma molto presente nel testo di Scott) un\u00a0fool, il custode del castello di Lammermoor. In questa cornice narrativa si inserisce la storia di Lucia di Lammermoor, del suo amore con Edgardo, dell\u2019ostilit\u00e0 con il fratello Enrico fino alla sua follia. Il nostro bosco incantato rappresenta una sorta di labirinto e, proprio per questo, gli eventi dell\u2019opera di Donizetti non seguiranno la linea cronologica che tutti conosciamo, ma seguiranno il filo della memoria e del racconto dei personaggi. La domanda di Luce, \u201cPerch\u00e9 quello spirito piange\u201d, genera in Caleb la necessit\u00e0 di partire dalla fine della storia per la sua narrazione. Egli, infatti, risponde \u201cPerch\u00e9 \u00e8 impazzita di dolore&#8230;\u201d. Con questa tecnica narrativa si attraverser\u00e0 insieme alla giovane Luce l\u2019intera vicenda\u00bb. Domenica 3 dicembre alle 17,\u00a0Luce di Lammermoor\u00a0sar\u00e0 aperta alle famiglie che alle 15.30 potranno anche partecipare ad un laboratorio di preparazione (biglietti 10<\/p>\n","protected":false},"author":7,"featured_media":24860,"comment_status":"closed","ping_status":"closed","sticky":false,"template":"","format":"standard","meta":{"footnotes":""},"categories":[70],"tags":[],"post_folder":[],"class_list":["post-24859","post","type-post","status-publish","format-standard","has-post-thumbnail","hentry","category-news"],"_links":{"self":[{"href":"https:\/\/www.teatrodonizetti.it\/it\/wp-json\/wp\/v2\/posts\/24859","targetHints":{"allow":["GET"]}}],"collection":[{"href":"https:\/\/www.teatrodonizetti.it\/it\/wp-json\/wp\/v2\/posts"}],"about":[{"href":"https:\/\/www.teatrodonizetti.it\/it\/wp-json\/wp\/v2\/types\/post"}],"author":[{"embeddable":true,"href":"https:\/\/www.teatrodonizetti.it\/it\/wp-json\/wp\/v2\/users\/7"}],"replies":[{"embeddable":true,"href":"https:\/\/www.teatrodonizetti.it\/it\/wp-json\/wp\/v2\/comments?post=24859"}],"version-history":[{"count":0,"href":"https:\/\/www.teatrodonizetti.it\/it\/wp-json\/wp\/v2\/posts\/24859\/revisions"}],"wp:featuredmedia":[{"embeddable":true,"href":"https:\/\/www.teatrodonizetti.it\/it\/wp-json\/wp\/v2\/media\/24860"}],"wp:attachment":[{"href":"https:\/\/www.teatrodonizetti.it\/it\/wp-json\/wp\/v2\/media?parent=24859"}],"wp:term":[{"taxonomy":"category","embeddable":true,"href":"https:\/\/www.teatrodonizetti.it\/it\/wp-json\/wp\/v2\/categories?post=24859"},{"taxonomy":"post_tag","embeddable":true,"href":"https:\/\/www.teatrodonizetti.it\/it\/wp-json\/wp\/v2\/tags?post=24859"},{"taxonomy":"post_folder","embeddable":true,"href":"https:\/\/www.teatrodonizetti.it\/it\/wp-json\/wp\/v2\/post_folder?post=24859"}],"curies":[{"name":"wp","href":"https:\/\/api.w.org\/{rel}","templated":true}]}}