{"id":24486,"date":"2023-10-20T11:10:09","date_gmt":"2023-10-20T09:10:09","guid":{"rendered":"https:\/\/www.teatrodonizetti.it\/?p=24486"},"modified":"2023-10-20T11:10:09","modified_gmt":"2023-10-20T09:10:09","slug":"con-il-world-opera-day-cominciano-le-attivita-in-vista-del-festival-donizetti-opera-2023-edizione-speciale-per-bergamo-brescia-capitale-della-cultura","status":"publish","type":"post","link":"https:\/\/www.teatrodonizetti.it\/it\/con-il-world-opera-day-cominciano-le-attivita-in-vista-del-festival-donizetti-opera-2023-edizione-speciale-per-bergamo-brescia-capitale-della-cultura\/","title":{"rendered":"CON IL WORLD OPERA DAY COMINCIANO LE ATTIVIT\u00c0 IN VISTA DEL FESTIVAL DONIZETTI OPERA 2023 EDIZIONE SPECIALE PER BERGAMO BRESCIA CAPITALE DELLA CULTURA"},"content":{"rendered":"<p style=\"text-align: center;\"><em>Donizetti Talk, prove aperte e un ciclo di conferenze dedicate a\u00a0<\/em>Il diluvio universale<br \/>\norganizzate tra gli altri con Italian Climate Network, Sea Shepherd Italia, Bergamo Scienza, GAMeC, Fondazione Bernareggi e Diocesi di Bergamo<\/p>\n<p>L\u2019ingresso \u00e8 sempre gratuito con prenotazione consigliata<\/p>\n<p><strong>Bergamo, Teatro Donizetti, dal 25 ottobre 2023<\/strong><\/p>\n<p>&nbsp;<\/p>\n<p>Cresce a Bergamo e fra tutti gli appassionati donizettiani l\u2019attesa per l\u2019inaugurazione della nona edizione del Donizetti Opera, festival internazionale dedicato al compositore bergamasco, quest\u2019anno particolarmente intenso grazie a Bergamo Brescia Capitale italiana della Cultura 2023.<\/p>\n<p><strong>Mercoled\u00ec 25 ottobre<\/strong>\u00a0si celebra la quinta edizione del\u00a0<strong>World Opera Day<\/strong>, promosso da Opera Europa, OPERA America e Opera Latinoam\u00e9rica, un\u2019occasione speciale in cui teatri e festival di tutto il mondo festeggiano la ripresa delle produzioni in autunno, con nuovi progetti e nuove prospettive, per reinventare e innovare. Questi alcuni dati di riferimento del settore elaborati da Opera Europa: nel 2022 i bilanci dei teatri d\u2019opera e festival europei hanno raggiunto quasi 10 miliardi di euro, sono state realizzate oltre 20.000 recite per circa 3.500 produzioni di oltre 1.000 titoli d\u2019opera, per un pubblico di oltre 13 milioni di persone, di cui 2 milioni erano giovani under30.<br \/>\nIn coincidenza con il World Opera Day, il festival Donizetti Opera d\u00e0 il via a una serie di attivit\u00e0 di approfondimento (conferenze e prove aperte soprattutto) per avvicinare il pubblico alla programmazione 2023 e riflettere sui vari temi che sono sottesi alle scelte artistiche.<br \/>\nSi comincia con le\u00a0<strong>prove aperte<\/strong>\u00a0di due opere\u00a0<em>Il diluvio universale<\/em>\u00a0al Teatro Donizetti e\u00a0<em>Lucie de Lammermoor\u00a0<\/em>al Teatro Sociale: mercoled\u00ec 25 ottobre\u00a0<strong>dalle ore 17.30<\/strong>\u00a0circa si potranno seguire le prove di regia dei due titoli con la presenza di alcuni esperti della Fondazione che guideranno il pubblico tra la parte di preparazione scenica e i contenuti musicali del festival 2023. Per partecipare \u00e8 consigliato prenotare attraverso il sito\u00a0<a href=\"http:\/\/gaetanodonizetti.org\/\" target=\"_blank\" rel=\"noopener\" data-saferedirecturl=\"https:\/\/www.google.com\/url?q=http:\/\/gaetanodonizetti.org&amp;source=gmail&amp;ust=1697875191103000&amp;usg=AOvVaw177PZkjDLRXhuSAuOYWXf2\">gaetanodonizetti.org<\/a><br \/>\nTutti gli appassionati sono invitati a condividere la loro passione per l\u2019opera e per il mondo donizettiano sui social con gli hashtag #WorldOperaDay e #donizettiopera.<br \/>\nIn occasione del World Opera Day, da mercoled\u00ec 25 a venerd\u00ec 27 ottobre (online e in biglietteria), sar\u00e0 possibile acquistare con sconti speciali fino al 45% posti selezionati in tutti i settori (anche in platea) per le opere che andranno in scena al Teatro Donizetti e per la nuova creazione LU OpeRave al Balzer Globe.<\/p>\n<p>Com\u2019\u00e8 noto, i titoli del festival Donizetti Opera 2023 seguono le aree tematiche del progetto Bergamo Brescia Capitale Italiana della Cultura 2023 e del concept \u201cCitt\u00e0 Illuminata\u201d: per \u201cLa citt\u00e0 dei tesori nascosti\u201d sar\u00e0 messa in scena per la prima volta dopo 200 anni\u00a0<em>Alfredo il Grande<\/em>; per \u201cLa citt\u00e0 natura\u201d il titolo simbolico \u00e8\u00a0<em>Il diluvio universale<\/em>; per \u201cLa citt\u00e0 che inventa\u201d \u00e8 stata commissionata la nuova\u00a0<em>LU OpeRave<\/em>; per \u201cLa cultura come cura\u201d riscopriremo\u00a0<em>Il piccolo compositore di musica<\/em>\u00a0che racconta la giovinezza di Donizetti con parole e musica del suo maestro Mayr; per la \u201cCitt\u00e0 Illuminata\u201d il riferimento \u00e8\u00a0<em>Lucie de Lammermoor<\/em>, capolavoro di Donizetti nella pi\u00f9 rara versione francese.<br \/>\n<strong>\u201cLa citt\u00e0 natura\u201d<\/strong>\u00a0\u00e8 diventato anche il titolo di\u00a0<strong>una serie di riflessioni<\/strong>\u00a0condivise con importanti istituzioni non solo bergamasche, che si svolgeranno nelle prossime settimane, invitando a riprogettare il rapporto di persone e imprese con le risorse naturali, con l\u2019obiettivo di ridurre l\u2019impatto ambientale.<br \/>\nPrimo appuntamento al Bergamo Science Center\u00a0<strong>domenica 29 ottobre alle ore 17.00<\/strong>\u00a0dal titolo\u00a0<strong><em>Il clima \u00e8 cambiato: e noi?<\/em><\/strong>\u00a0con Stefano Caserini (docente di Mitigazione dei Cambiamenti Climatici al Politecnico di Milano e fondatore di Italian Climate Network) ed Elisa Terenghi (Fisica dell\u2019atmosfera e meteorologa, \u00e8 Senior Climate Change consultant presso KPMG), un incontro organizzato in collaborazione con Bergamo Scienza e Italian Climate Network, un\u2019associazione onlus nata per affrontare la crisi climatica, affinch\u00e9 il tema dei cambiamenti climatici diventi prioritario nel dibattito pubblico e occupi un ruolo centrale nell\u2019agenda politica nazionale.<br \/>\n<strong>Mercoled\u00ec 8 novembre alle ore 18.00<\/strong>, al Teatro Donizetti (Sala Riccardi)\u00a0<strong><em>Dalla Laudato si\u2019 alla Laudate Deum verso la COP28 UAE<\/em>\u00a0<\/strong>con Mauro Bossi SJ, Don Cristiano Re e Don Giuliano Zanchi. Questo secondo incontro, promosso sempre con Italian Climate Network, si realizza in collaborazione con la rivista\u00a0<em>Aggiornamenti Sociali<\/em>, Fondazione Culturale San Fedele, Fondazione Bernareggi, Vita sociale e mondialit\u00e0 Diocesi di Bergamo.<br \/>\nTerzo e ultimo appuntamento, in collaborazione con GAMeC e Sea Shepherd Italia,\u00a0<strong>luned\u00ec 20 novembre alle ore 21.00<\/strong>\u00a0alla GAMeC si intitola\u00a0<em>Il diluvio universale: l\u2019ossessione del presente<\/em>, momento di riflessione e confronto con Lorenzo Giusti (direttore della GAMeC), Francesco Micheli (direttore artistico del festival Donizetti Opera), Andrea Morello (presidente di Sea Shepherd Italia) e MASBEDO che firmano l\u2019opera donizettiana in scena al Teatro Donizetti.<br \/>\nTutti e tre gli incontri sono a ingresso gratuito con prenotazione consigliata su\u00a0<a href=\"http:\/\/gaetanodonizetti.org\/\" target=\"_blank\" rel=\"noopener\" data-saferedirecturl=\"https:\/\/www.google.com\/url?q=http:\/\/gaetanodonizetti.org&amp;source=gmail&amp;ust=1697875191103000&amp;usg=AOvVaw177PZkjDLRXhuSAuOYWXf2\">gaetanodonizetti.org<\/a><\/p>\n<p>Nel weekend 11-13 novembre torneranno invece le presentazioni e prove aperte\u00a0<strong>Donizetti Talk<\/strong>\u00a0che nel 2022 avevano riscosso enorme successo . In dettaglio al Teatro Sociale, sabato\u00a0<strong>11 novembre<\/strong>\u00a0(ore 16.30) presentazione di\u00a0<em>Lucie de Lammermoor<\/em>\u00a0con Candida Mantica e Paolo Fabbri; al Teatro Donizetti domenica\u00a0<strong>12 novembre<\/strong>\u00a0(ore 17.30) presentazione del\u00a0<em>Diluvio universale<\/em>\u00a0con Edoardo Cavalli e Livio Aragona e nello stesso luogo, luned\u00ec\u00a0<strong>13 novembre<\/strong>\u00a0(ore 17.30) presentazione di\u00a0<em>Alfredo il Grande<\/em>\u00a0con Livio Aragona e Maurizio Merisio. Per il Dies natalis di Donizetti, mercoled\u00ec\u00a0<strong>29 novembre<\/strong>\u00a0(ore 17.30), presentazione del\u00a0<em>Piccolo compositore di musica<\/em>\u00a0con Candida Mantica e Paolo Fabbri. Compatibilmente con le prove, alle conversazioni curate dall\u2019area scientifica del festival parteciperanno anche direttori e registi, quindi si potr\u00e0 accedere a una sessione di prove d\u2019assieme. Anche per questi incontri l\u2019ingresso \u00e8 gratuito con prenotazione consigliata su\u00a0<a href=\"http:\/\/gaetanodonizetti.org\/\" target=\"_blank\" rel=\"noopener\" data-saferedirecturl=\"https:\/\/www.google.com\/url?q=http:\/\/gaetanodonizetti.org&amp;source=gmail&amp;ust=1697875191103000&amp;usg=AOvVaw177PZkjDLRXhuSAuOYWXf2\">gaetanodonizetti.org<\/a><\/p>\n<p><strong>DONIZETTI OPERA 2023<\/strong><br \/>\nDonizetti studente, Donizetti operista in carriera, Donizetti star internazionale, Donizetti ispiratore: in tutti i casi, Donizetti nostro contemporaneo.\u00a0<em>Il diluvio universale\u00a0<\/em>(17 e 25 novembre e il 3 dicembre), \u201cazione tragico-sacra\u201d scritta per Napoli nel 1830, guarda al modello rossiniano del\u00a0<em>Mos\u00e8<\/em>\u00a0raccontando un eroe biblico, No\u00e8, e intrecciando la tragedia del diluvio a quelle personali dei protagonisti. Oggi, sar\u00e0 l\u2019occasione per riflettere sugli sconvolgimenti climatici, emergenza planetaria che tocca ormai anche la nostra quotidianit\u00e0. Al San Carlo, Donizetti aveva debuttato ventiseienne nel 1823 con\u00a0<em>Alfredo il Grande<\/em>\u00a0(19 e il 24 novembre), scelta nell\u2019ambito del progetto #donizetti200 che consiste nel riproporre in ogni festival un\u2019opera scritta da Gaetano nello stesso anno di due secoli prima. Donizetti \u201ceredita\u201d dal Rossini napoletano il librettista, l\u2019abate Andrea Leone Tottola, e un grande cantante, il baritenore bergamasco Andrea Nozzari, per il personaggio del sovrano inglese vincitore dei danesi e fondatore dell\u2019identit\u00e0 nazionale. Terzo titolo donizettiano,\u00a0<em>Lucie de Lammermoor<\/em>\u00a0(18 e 26 novembre e 1 dicembre) \u00e8 la versione francese di\u00a0<em>Lucia<\/em>\u00a0approntata nel 1839 per il parigino Th\u00e9\u00e2tre de la Renaissance: non una semplice traduzione, ma un\u2019autentica riscrittura con novit\u00e0 musicali e drammaturgiche. Del\u00a0<em>Piccolo compositore di musica<\/em>\u00a0(2 dicembre) Donizetti non \u00e8 invece l\u2019autore ma il protagonista. Si tratta infatti di una farsa metateatrale scritta dal suo maestro, Giovanni Simone Mayr, come saggio per gli allievi: fra loro, un Donizetti giovanissimo gi\u00e0 conscio del suo talento (e per questo bullizzato dai compagni). Che Donizetti non finisca mai di ispirarci lo dimostra\u00a0<em>LU OpeRave<\/em>\u00a0(16, 23 e 30 novembre) un\u2019opera-rave dove l\u2019eterna\u00a0<em>Lucia di Lammermoor<\/em>\u00a0incontra la musica elettronica. Tutti i dettagli sui cast e sull\u2019acquisto dei biglietti sono disponibili su\u00a0<a href=\"http:\/\/www.donizetti.org\/\" target=\"_blank\" rel=\"noopener\" data-saferedirecturl=\"https:\/\/www.google.com\/url?q=http:\/\/www.donizetti.org&amp;source=gmail&amp;ust=1697875191103000&amp;usg=AOvVaw2JgYnOaU50Qf5H8jygPluI\">www.donizetti.org<\/a>.<\/p>\n","protected":false},"excerpt":{"rendered":"<p>Donizetti Talk, prove aperte e un ciclo di conferenze dedicate a\u00a0Il diluvio universale organizzate tra gli altri con Italian Climate Network, Sea Shepherd Italia, Bergamo Scienza, GAMeC, Fondazione Bernareggi e Diocesi di Bergamo L\u2019ingresso \u00e8 sempre gratuito con prenotazione consigliata Bergamo, Teatro Donizetti, dal 25 ottobre 2023 &nbsp; Cresce a Bergamo e fra tutti gli appassionati donizettiani l\u2019attesa per l\u2019inaugurazione della nona edizione del Donizetti Opera, festival internazionale dedicato al compositore bergamasco, quest\u2019anno particolarmente intenso grazie a Bergamo Brescia Capitale italiana della Cultura 2023. Mercoled\u00ec 25 ottobre\u00a0si celebra la quinta edizione del\u00a0World Opera Day, promosso da Opera Europa, OPERA America e Opera Latinoam\u00e9rica, un\u2019occasione speciale in cui teatri e festival di tutto il mondo festeggiano la ripresa delle produzioni in autunno, con nuovi progetti e nuove prospettive, per reinventare e innovare. Questi alcuni dati di riferimento del settore elaborati da Opera Europa: nel 2022 i bilanci dei teatri d\u2019opera e festival europei hanno raggiunto quasi 10 miliardi di euro, sono state realizzate oltre 20.000 recite per circa 3.500 produzioni di oltre 1.000 titoli d\u2019opera, per un pubblico di oltre 13 milioni di persone, di cui 2 milioni erano giovani under30. In coincidenza con il World Opera Day, il festival Donizetti Opera d\u00e0 il via a una serie di attivit\u00e0 di approfondimento (conferenze e prove aperte soprattutto) per avvicinare il pubblico alla programmazione 2023 e riflettere sui vari temi che sono sottesi alle scelte artistiche. Si comincia con le\u00a0prove aperte\u00a0di due opere\u00a0Il diluvio universale\u00a0al Teatro Donizetti e\u00a0Lucie de Lammermoor\u00a0al Teatro Sociale: mercoled\u00ec 25 ottobre\u00a0dalle ore 17.30\u00a0circa si potranno seguire le prove di regia dei due titoli con la presenza di alcuni esperti della Fondazione che guideranno il pubblico tra la parte di preparazione scenica e i contenuti musicali del festival 2023. Per partecipare \u00e8 consigliato prenotare attraverso il sito\u00a0gaetanodonizetti.org Tutti gli appassionati sono invitati a condividere la loro passione per l\u2019opera e per il mondo donizettiano sui social con gli hashtag #WorldOperaDay e #donizettiopera. In occasione del World Opera Day, da mercoled\u00ec 25 a venerd\u00ec 27 ottobre (online e in biglietteria), sar\u00e0 possibile acquistare con sconti speciali fino al 45% posti selezionati in tutti i settori (anche in platea) per le opere che andranno in scena al Teatro Donizetti e per la nuova creazione LU OpeRave al Balzer Globe. Com\u2019\u00e8 noto, i titoli del festival Donizetti Opera 2023 seguono le aree tematiche del progetto Bergamo Brescia Capitale Italiana della Cultura 2023 e del concept \u201cCitt\u00e0 Illuminata\u201d: per \u201cLa citt\u00e0 dei tesori nascosti\u201d sar\u00e0 messa in scena per la prima volta dopo 200 anni\u00a0Alfredo il Grande; per \u201cLa citt\u00e0 natura\u201d il titolo simbolico \u00e8\u00a0Il diluvio universale; per \u201cLa citt\u00e0 che inventa\u201d \u00e8 stata commissionata la nuova\u00a0LU OpeRave; per \u201cLa cultura come cura\u201d riscopriremo\u00a0Il piccolo compositore di musica\u00a0che racconta la giovinezza di Donizetti con parole e musica del suo maestro Mayr; per la \u201cCitt\u00e0 Illuminata\u201d il riferimento \u00e8\u00a0Lucie de Lammermoor, capolavoro di Donizetti nella pi\u00f9 rara versione francese. \u201cLa citt\u00e0 natura\u201d\u00a0\u00e8 diventato anche il titolo di\u00a0una serie di riflessioni\u00a0condivise con importanti istituzioni non<\/p>\n","protected":false},"author":7,"featured_media":24487,"comment_status":"closed","ping_status":"closed","sticky":false,"template":"","format":"standard","meta":{"footnotes":""},"categories":[70],"tags":[],"post_folder":[],"class_list":["post-24486","post","type-post","status-publish","format-standard","has-post-thumbnail","hentry","category-news"],"_links":{"self":[{"href":"https:\/\/www.teatrodonizetti.it\/it\/wp-json\/wp\/v2\/posts\/24486","targetHints":{"allow":["GET"]}}],"collection":[{"href":"https:\/\/www.teatrodonizetti.it\/it\/wp-json\/wp\/v2\/posts"}],"about":[{"href":"https:\/\/www.teatrodonizetti.it\/it\/wp-json\/wp\/v2\/types\/post"}],"author":[{"embeddable":true,"href":"https:\/\/www.teatrodonizetti.it\/it\/wp-json\/wp\/v2\/users\/7"}],"replies":[{"embeddable":true,"href":"https:\/\/www.teatrodonizetti.it\/it\/wp-json\/wp\/v2\/comments?post=24486"}],"version-history":[{"count":0,"href":"https:\/\/www.teatrodonizetti.it\/it\/wp-json\/wp\/v2\/posts\/24486\/revisions"}],"wp:featuredmedia":[{"embeddable":true,"href":"https:\/\/www.teatrodonizetti.it\/it\/wp-json\/wp\/v2\/media\/24487"}],"wp:attachment":[{"href":"https:\/\/www.teatrodonizetti.it\/it\/wp-json\/wp\/v2\/media?parent=24486"}],"wp:term":[{"taxonomy":"category","embeddable":true,"href":"https:\/\/www.teatrodonizetti.it\/it\/wp-json\/wp\/v2\/categories?post=24486"},{"taxonomy":"post_tag","embeddable":true,"href":"https:\/\/www.teatrodonizetti.it\/it\/wp-json\/wp\/v2\/tags?post=24486"},{"taxonomy":"post_folder","embeddable":true,"href":"https:\/\/www.teatrodonizetti.it\/it\/wp-json\/wp\/v2\/post_folder?post=24486"}],"curies":[{"name":"wp","href":"https:\/\/api.w.org\/{rel}","templated":true}]}}