{"id":24246,"date":"2023-10-03T17:07:52","date_gmt":"2023-10-03T15:07:52","guid":{"rendered":"https:\/\/www.teatrodonizetti.it\/?p=24246"},"modified":"2023-10-03T17:07:52","modified_gmt":"2023-10-03T15:07:52","slug":"vajonts-23-unazione-corale-di-teatro-civile-in-scena-al-teatro-sociale-lunedi-9-ottobre","status":"publish","type":"post","link":"https:\/\/www.teatrodonizetti.it\/it\/vajonts-23-unazione-corale-di-teatro-civile-in-scena-al-teatro-sociale-lunedi-9-ottobre\/","title":{"rendered":"VajontS 23. Un&#8217;azione corale di teatro civile in scena al Teatro Sociale luned\u00ec 9 ottobre"},"content":{"rendered":"<p>Si intitola <em>VajontS 23, azione corale di teatro civile, <\/em>e sar\u00e0 una serata &#8211; evento in programma luned\u00ec 9 ottobre, nel 60esimo anniversario della tragedia del Vajont che cost\u00f2 la vita a 2.000 persone, condivisa in contemporanea da oltre 130 teatri di tutta Italia. A Bergamo, si svolger\u00e0 al Teatro Sociale (ore 21) su iniziativa della Fondazione Teatro Donizetti che ha raccolto l\u2019adesione di ben nove compagnie teatrali del territorio: Erbamil, La Pulce, La Vecchia Serena, Pandemonium Teatro, Teatro Caverna, Teatro del Vento, Teatro Piroscafo, Teatro Prova, TTB Teatro Tascabile di Bergamo. Su testo originale di Marco Paolini e Gabriele Vacis, rivisto per la speciale occasione dallo stesso Paolini e da Marco Martinelli, con la regia di Silvia Briozzo <em>e<\/em> Caterina Scotti, musiche eseguite dal vivo di Matteo Zenatti e luci di Pietro Bailo, lo spettacolo vedr\u00e0 in scena numerosi attori professionisti bergamaschi: Albino Bignamini, Silvia Briozzo, Fabio Comana, Barbara Covelli, Damiano Grasselli, Lucia Limonta, Viviana Magoni, Chiara Magri, Federico Nava, Sara Pagani, Enzo Valeri Peruta, Federico Piscitello, Francesca Poliani, Caterina Scotti, Walter Tiraboschi, Cristina Zanetti. A loro si affiancheranno dieci giovani attori di Progetto Young, il progetto formativo della Fondazione Teatro Donizetti: Giovanni Aresi, Marta Federico, Francesca Garofalo, Petra Lopopolo, Davide Marchetti, Michelangelo Nervosi, Elisa Nicolato, Laura Remigi, Andrea Valietti.<\/p>\n<p>Maria Grazia Panigada, Direttrice Artistica della Stagione di Prosa e Altri Percorsi, coordinatrice della messa in scena di <em>VajontS<\/em> a Bergamo, idea condivisa con Francesco Micheli, Direttore Artistico del festival Donizetti Opera, spiega lo spirito dell\u2019iniziativa: \u00abQuando nei mesi scorsi siamo stati contattati da Marco Paolini, abbiamo aderito immediatamente e con entusiasmo alla sua richiesta per vari motivi. Primo fra tutti l\u2019importanza di un testo che rievoca con grande forza uno degli eventi pi\u00f9 drammatici della storia del nostro Paese che apre molte riflessioni sulla nostra condizione attuale. E poi perch\u00e9 ci \u00e8 parsa subito come un\u2019opportunit\u00e0 per realizzare un momento condiviso del mondo teatrale bergamasco nel suo impegno non solo artistico, ma anche civile. E siamo orgogliosi che a questo evento parteciperanno anche i giovani attori del nostro Progetto Young\u00bb.<\/p>\n<p>\u00abLo spettacolo di Marco Paolini sul Vajont, che nel 1997 fu un vero e proprio caso mediatico, inaspettato, improvviso ed enorme, con la sua messa in onda in pima serata su RAI 2, fu certamente lo spettacolo che fece da apripista al teatro di narrazione, consacrando lo stesso Paolini come un grande protagonista di tutto il teatro italiano\u00bb, prosegue Maria Grazia Panigada, \u00abIl nuovo testo rivisto con Marco Martinelli del Teatro delle Albe di Ravenna, \u00e8 ora un testo corale, di grande valore simbolico. Il lavoro in vista della serata al Teatro Sociale \u00e8 in corso da mesi ed \u00e8 emozionante vedere lo spirito di collaborazione che si \u00e8 subito instaurato tra attori di diverse compagnie\u00bb.<\/p>\n<p>La storia del Vajont, riscritta 25 anni dopo il racconto televisivo, non \u00e8 pi\u00f9 solo un racconto di memoria e di denuncia sociale, ma diventa una sveglia. Il racconto di quel che \u00e8 accaduto si moltiplica in un coro di tanti racconti per richiamare l\u2019attenzione su quel che potrebbe accadere. Quella del Vajont \u00e8 la storia di un avvenimento che inizia lentamente e poi accelera. Inesorabile. Si sono ignorati i segni e, quando si \u00e8 presa coscienza, era troppo tardi. In tempo di crisi climatica, non si possono ripetere le inerzie, non ci si pu\u00f2 permettere di calcolare il rischio con l\u2019ipotesi meno pericolosa tra tante.<\/p>\n<p>\u00abQuando 30 anni fa cominciai a raccontare il Vajont avevo dentro una grande rabbia per l\u2019oblio\u00bb, ricorda oggi Marco Paolini, \u00abCe l\u2019avevo prima di tutto con me stesso: come avevo potuto crescere ignorando quella storia, archiviando il disastro come opera della Natura? C\u2019era ribellione alla base del gesto di narrare il Vajont, e voglia di risarcimento e giustizia. Durante la performance era difficile tenere a bada l\u2019emozione con il mestiere. Qualcosa di tutto questo \u00e8 arrivato anche attraverso la televisione con la diretta del 9 ottobre 1997. Erano passati trentaquattro anni dal disastro. Adesso, sono sessanta. Cos\u2019\u00e8 cambiato? Noi non siamo gli stessi. \u00c8 passata una generazione, ma non \u00e8 solo questione anagrafica. Da alcuni anni ho cominciato a studiare i report sul clima, a leggere i libri di chi prova a narrare ci\u00f2 che stiamo vivendo, a misurare le strategie del negazionismo prima e del populismo poi nel cavalcare i luoghi comuni che contrastano il quadro scientifico, giustificando un\u2019inerzia diffusa alla transizione ecologica. La storia del Vajont racconta non solo ci\u00f2 che \u00e8 accaduto sessant\u2019anni fa, ma quello che potrebbe accadere a noi su scala diversa, in un tempo assai pi\u00f9 breve. Come le tragedie classiche, racconta di come i segnali, che c\u2019erano, furono ignorati o sottovalutati\u00bb.<\/p>\n<p>La sera del 9 ottobre il testo di <em>VajontS 23 <\/em>sar\u00e0 un punto di partenza per tante messe in scena diverse: lo stesso Marco Paolini sar\u00e0 una delle voci che daranno vita al coro al Teatro Strehler di Milano; a Torino Gabriele Vacis, che del primo <em>Vajont<\/em> firm\u00f2 testo e la regia, porter\u00e0 in scena il racconto con i giovani della compagnia PEM; a Roma ci saranno, tra gli altri, Piero Sermonti, Neri Marcor\u00e8 e Isabella Ferrari; a Palermo Teresa Mannino, a Udine Davide Enia, a Genova Luca Bizzarri ed Elisabetta Pozzi, a Venezia e Padova Ottavia Piccolo, Giuliana Musso e altri attori. E ancora, in giro per l\u2019Italia, Lella Costa, Mario Brunello, Ascanio Celestini, Antonio Catania, Donatella Finocchiaro, Valerio Aprea, Mario Tozzi, Marta Cuscun\u00e0, Alessandro Tiberi. Alle 22.39, l&#8217;ora in cui la montagna fran\u00f2 nella diga, in tutta Italia l\u2019azione scenica lascer\u00e0 posto al silenzio. RAI Radio 2, con il programma Caterpillar, si collegher\u00e0 in diretta con alcuni teatri.<\/p>\n<p>Sul sito www.lafabbricadelmondo.org \u00e8 possibile trovare la mappa completa dei gruppi che hanno aderito e dei luoghi in cui <em>VajontS 23 <\/em>andr\u00e0 in scena. Il progetto <em>VajontS 23 <\/em>nasce da un\u2019idea di Marco Paolini per Fabbrica del Mondo ed \u00e8 realizzato da Jolefilm con la collaborazione di Fondazione Vajont.<\/p>\n<p>&nbsp;<\/p>\n","protected":false},"excerpt":{"rendered":"<p>Si intitola VajontS 23, azione corale di teatro civile, e sar\u00e0 una serata &#8211; evento in programma luned\u00ec 9 ottobre, nel 60esimo anniversario della tragedia del Vajont che cost\u00f2 la vita a 2.000 persone, condivisa in contemporanea da oltre 130 teatri di tutta Italia. A Bergamo, si svolger\u00e0 al Teatro Sociale (ore 21) su iniziativa della Fondazione Teatro Donizetti che ha raccolto l\u2019adesione di ben nove compagnie teatrali del territorio: Erbamil, La Pulce, La Vecchia Serena, Pandemonium Teatro, Teatro Caverna, Teatro del Vento, Teatro Piroscafo, Teatro Prova, TTB Teatro Tascabile di Bergamo. Su testo originale di Marco Paolini e Gabriele Vacis, rivisto per la speciale occasione dallo stesso Paolini e da Marco Martinelli, con la regia di Silvia Briozzo e Caterina Scotti, musiche eseguite dal vivo di Matteo Zenatti e luci di Pietro Bailo, lo spettacolo vedr\u00e0 in scena numerosi attori professionisti bergamaschi: Albino Bignamini, Silvia Briozzo, Fabio Comana, Barbara Covelli, Damiano Grasselli, Lucia Limonta, Viviana Magoni, Chiara Magri, Federico Nava, Sara Pagani, Enzo Valeri Peruta, Federico Piscitello, Francesca Poliani, Caterina Scotti, Walter Tiraboschi, Cristina Zanetti. A loro si affiancheranno dieci giovani attori di Progetto Young, il progetto formativo della Fondazione Teatro Donizetti: Giovanni Aresi, Marta Federico, Francesca Garofalo, Petra Lopopolo, Davide Marchetti, Michelangelo Nervosi, Elisa Nicolato, Laura Remigi, Andrea Valietti. Maria Grazia Panigada, Direttrice Artistica della Stagione di Prosa e Altri Percorsi, coordinatrice della messa in scena di VajontS a Bergamo, idea condivisa con Francesco Micheli, Direttore Artistico del festival Donizetti Opera, spiega lo spirito dell\u2019iniziativa: \u00abQuando nei mesi scorsi siamo stati contattati da Marco Paolini, abbiamo aderito immediatamente e con entusiasmo alla sua richiesta per vari motivi. Primo fra tutti l\u2019importanza di un testo che rievoca con grande forza uno degli eventi pi\u00f9 drammatici della storia del nostro Paese che apre molte riflessioni sulla nostra condizione attuale. E poi perch\u00e9 ci \u00e8 parsa subito come un\u2019opportunit\u00e0 per realizzare un momento condiviso del mondo teatrale bergamasco nel suo impegno non solo artistico, ma anche civile. E siamo orgogliosi che a questo evento parteciperanno anche i giovani attori del nostro Progetto Young\u00bb. \u00abLo spettacolo di Marco Paolini sul Vajont, che nel 1997 fu un vero e proprio caso mediatico, inaspettato, improvviso ed enorme, con la sua messa in onda in pima serata su RAI 2, fu certamente lo spettacolo che fece da apripista al teatro di narrazione, consacrando lo stesso Paolini come un grande protagonista di tutto il teatro italiano\u00bb, prosegue Maria Grazia Panigada, \u00abIl nuovo testo rivisto con Marco Martinelli del Teatro delle Albe di Ravenna, \u00e8 ora un testo corale, di grande valore simbolico. Il lavoro in vista della serata al Teatro Sociale \u00e8 in corso da mesi ed \u00e8 emozionante vedere lo spirito di collaborazione che si \u00e8 subito instaurato tra attori di diverse compagnie\u00bb. La storia del Vajont, riscritta 25 anni dopo il racconto televisivo, non \u00e8 pi\u00f9 solo un racconto di memoria e di denuncia sociale, ma diventa una sveglia. Il racconto di quel che \u00e8 accaduto si moltiplica in un coro di tanti racconti<\/p>\n","protected":false},"author":7,"featured_media":24082,"comment_status":"closed","ping_status":"closed","sticky":false,"template":"","format":"standard","meta":{"footnotes":""},"categories":[70],"tags":[],"post_folder":[],"class_list":["post-24246","post","type-post","status-publish","format-standard","has-post-thumbnail","hentry","category-news"],"_links":{"self":[{"href":"https:\/\/www.teatrodonizetti.it\/it\/wp-json\/wp\/v2\/posts\/24246","targetHints":{"allow":["GET"]}}],"collection":[{"href":"https:\/\/www.teatrodonizetti.it\/it\/wp-json\/wp\/v2\/posts"}],"about":[{"href":"https:\/\/www.teatrodonizetti.it\/it\/wp-json\/wp\/v2\/types\/post"}],"author":[{"embeddable":true,"href":"https:\/\/www.teatrodonizetti.it\/it\/wp-json\/wp\/v2\/users\/7"}],"replies":[{"embeddable":true,"href":"https:\/\/www.teatrodonizetti.it\/it\/wp-json\/wp\/v2\/comments?post=24246"}],"version-history":[{"count":0,"href":"https:\/\/www.teatrodonizetti.it\/it\/wp-json\/wp\/v2\/posts\/24246\/revisions"}],"wp:featuredmedia":[{"embeddable":true,"href":"https:\/\/www.teatrodonizetti.it\/it\/wp-json\/wp\/v2\/media\/24082"}],"wp:attachment":[{"href":"https:\/\/www.teatrodonizetti.it\/it\/wp-json\/wp\/v2\/media?parent=24246"}],"wp:term":[{"taxonomy":"category","embeddable":true,"href":"https:\/\/www.teatrodonizetti.it\/it\/wp-json\/wp\/v2\/categories?post=24246"},{"taxonomy":"post_tag","embeddable":true,"href":"https:\/\/www.teatrodonizetti.it\/it\/wp-json\/wp\/v2\/tags?post=24246"},{"taxonomy":"post_folder","embeddable":true,"href":"https:\/\/www.teatrodonizetti.it\/it\/wp-json\/wp\/v2\/post_folder?post=24246"}],"curies":[{"name":"wp","href":"https:\/\/api.w.org\/{rel}","templated":true}]}}