{"id":24163,"date":"2023-09-22T14:14:39","date_gmt":"2023-09-22T12:14:39","guid":{"rendered":"https:\/\/www.teatrodonizetti.it\/?p=24163"},"modified":"2023-09-22T14:14:39","modified_gmt":"2023-09-22T12:14:39","slug":"raffa-in-the-sky-debutta-a-bergamo-la-nuova-opera-ispirata-a-raffaella-carra-e-dedicata-alla-societa-italiana-dal-dopoguerra-a-oggi","status":"publish","type":"post","link":"https:\/\/www.teatrodonizetti.it\/it\/raffa-in-the-sky-debutta-a-bergamo-la-nuova-opera-ispirata-a-raffaella-carra-e-dedicata-alla-societa-italiana-dal-dopoguerra-a-oggi\/","title":{"rendered":"\u201cRaffa in the Sky\u201d: debutta a Bergamo la nuova opera ispirata a Raffaella Carr\u00e0 e dedicata alla societ\u00e0 italiana dal dopoguerra a oggi"},"content":{"rendered":"<p style=\"text-align: center;\"><strong>\u00a0Per la prima volta una citt\u00e0 Capitale Italiana della Cultura commissiona un\u2019opera<\/strong><\/p>\n<p style=\"text-align: center;\"><em>Da un\u2019idea di Francesco Micheli regista anche dello spettacolo con la musica di Lamberto Curtoni diretta da Carlo Boccadoro e il libretto di Alberto Mattioli e Renata Ciaravino\u00a0<\/em><\/p>\n<p style=\"text-align: center;\"><em>Ad interpretare il personaggio di Raffaella Carr\u00e0 sar\u00e0 Chiara Dello Iacovo<br \/>\nNel cast Carmela Remigio, Gaia Petrone, Dave Monaco, Haris Andrianos e Roberto Lorenzi e i danzatori della Fattoria Vittadini\u00a0<\/em><\/p>\n<p style=\"text-align: center;\">\n<p>Manca una settimana al debutto di\u00a0<em>Raffa in the\u00a0<\/em>Sky, la nuova opera ispirata a Raffaella Carr\u00e0 e dedicata alla societ\u00e0 Italiana dal dopoguerra a oggi che andr\u00e0 in scena al\u00a0<strong>Teatro Donizetti<\/strong>\u00a0di Bergamo\u00a0<strong>v<\/strong><strong>enerd\u00ec 29 settembre<\/strong>\u00a0(ore 20.30),\u00a0<strong>d<\/strong><strong>omenica 1\u00b0 ottobre<\/strong>\u00a0(ore 15.30),\u00a0<strong>venerd\u00ec 6 ottobre<\/strong>\u00a0(ore 20.30) e\u00a0<strong>domenica 8 ottobre<\/strong>\u00a0(ore 15.30).\u00a0La musica \u00e8 di Lamberto Curtoni, libretto di Renata Ciaravino e Alberto Mattioli da un\u2019idea di Francesco Micheli che firma anche la regia dello spettacolo.<\/p>\n<p>L\u2019opera \u00e8 commissionata \u00e8 prodotta dalla Fondazione Teatro Donizetti per Bergamo Brescia Capitale Italiana della Cultura 2023 ed \u00e8 la prima volta che una citt\u00e0 capitale inserisce nel proprio programma una nuova opera lirica, nella terra che ha inventato questo genere, simbolo dell\u2019Italia nel mondo.<\/p>\n<p><em>Raffa in the Sky<\/em>\u00a0\u00e8 proprio una vera opera lirica, che si ispira alla figura iconica di Raffaella Carr\u00e0, grande protagonista della televisione italiana ma anche personaggio internazionale. Non \u00e8 un musical o una biografia in musica ma il racconto di una carriera artistica che ha accompagnato, e talvolta stimolato, le trasformazioni della societ\u00e0 italiana dell\u2019ultimo mezzo secolo. Attraverso momenti iconici della programmazione televisiva che ha avuto per protagonista la Carr\u00e0, l\u2019opera si propone di riflettere sul ruolo dell\u2019artista nella societ\u00e0, sul valore e sull\u2019uso dell\u2019arte, sul ruolo della televisione e degli altri media, senza dimenticare le canzoni che Raffaella ha interpretato, in un racconto che percorre la strada del surreale e del fantastico per parlare a tutti noi.<\/p>\n<p>\u00abSono fermamente convinto che il teatro debba rispondere ai bisogni brucianti della societ\u00e0 \u2013 racconta\u00a0<strong>Francesco Micheli<\/strong>\u00a0a Luca Baccolini nel programma di sala \u2013 Viviamo un\u2019epoca che ogni giorno ci squaderna il dramma delle donne iraniane, dei femminicidi, degli stupri, della violenza di genere. Tutto questo perch\u00e9 l&#8217;umanit\u00e0 tarda ancora a riconoscere come dovrebbe il ruolo di parit\u00e0 uomo-donna. L&#8217;arbitrio e la sopraffazione degli uomini sulle donne continuano a creare voragini di dolore e di ingiustizia. La Carr\u00e0 cos&#8217;ha fatto? Pi\u00f9 di mezzo secolo fa, con il suo corpo e la sua voce, ha parlato di libert\u00e0 della donna, senza per questo essere additata come una\u00a0<em>pasionaria<\/em>\u00a0o un&#8217;anarchica. Il \u00abGuardian\u00bb una volta ha scritto brillantemente: \u00abHa insegnato la gioia del sesso a tutta l&#8217;Europa\u00bb. Le barriere all&#8217;interno della vita culturale vanno aggiornate e possibilmente abbattute: anche per questo la Carr\u00e0 dev&#8217;essere considerata un soggetto culturale a pieno titolo\u00bb.<\/p>\n<p>A interpretare Raffaella Carr\u00e0 in questa nuova produzione bergamasca \u00e8 stata chiamata la giovanissima\u00a0<strong>Chiara Dello Iacovo<\/strong>, attrice diplomata alla Scuola del Teatro Stabile di Torino e cantante con partecipazioni a Musicultura 2015 e al Festival di Sanremo (Nuove Proposte 2016). Accanto a lei un cast di celebri cantanti d\u2019opera, come\u00a0<strong>Carmela Remigio<\/strong>,\u00a0<strong>Gaia Petrone<\/strong>,\u00a0<strong>Dave Monaco<\/strong>,\u00a0<strong>Haris Andrianos<\/strong>\u00a0e\u00a0<strong>Roberto Lorenzi<\/strong>, diretti da\u00a0<strong>Carlo Boccadoro<\/strong>\u00a0\u2013 assiduo interprete di pagine contemporanee \u2013 sul podio di un organico orchestrale composto dall\u2019Ensemble Sentieri Selvaggi e dall\u2019Orchestra Donizetti Opera. In scena anche il<strong>\u00a0Coro I Piccoli Musici\u00a0<\/strong>\u00a0diretto da Mario Mora e i\u00a0<strong>danzatori della Fattoria Vittadini<\/strong>. Il team creativo, accanto al regista\u00a0<strong>Francesco Micheli<\/strong>, \u00e8 composto da\u00a0<strong>Edoardo Sanchi<\/strong>\u00a0(scene),\u00a0<strong>Alessio Rosati<\/strong>(costumi),\u00a0<strong>Mattia Agatiello<\/strong>\u00a0(coreografo) e\u00a0<strong>Alessandro Andreoli<\/strong>\u00a0(light designer).<\/p>\n<p>A proposito della musica di\u00a0<em>Raffa in the Sky<\/em>\u00a0e del suo compositore Lamberto Curtoni, cos\u00ec si esprime\u00a0<strong>Carlo Boccadoro\u00a0<\/strong>nell\u2019intervista sul programma di sala realizzata da Livio Aragona: \u00abha trentacinque anni, e dunque non si capisce perch\u00e9 dovrebbe scrivere come un compositore dell\u2019avanguardia novecentesca; i nomi dei protagonisti di quel mondo li legge nei libri di storia; \u00e8 un allievo di Giovanni Sollima, quindi uno dei rappresentanti principali del postmoderno. L\u2019attitudine mentale di Lamberto lo porta naturalmente a essere il musicista postmoderno per eccellenza della sua generazione. La sua opera si inserisce in una tradizione postmoderna italiana, quella che \u00e8 iniziata negli anni Ottanta con i compositori neoromantici, nella quale si \u00e8 cercato di fondere sonorit\u00e0 anche pop e rock con la tradizione dell\u2019opera, dell\u2019opera italiana, in certi casi addirittura con il verismo. Il linguaggio che usa, che non ha nulla di ottocentesco, si inserisce in questa tradizione, per la quale il passato \u00e8 la linfa, il sangue, il dna di ci\u00f2 che prende forma, anche quando non passa per citazioni esplicite e riconoscibili. In\u00a0<em>Raffa in the Sky<\/em>\u00a0affiorano anche passi che riecheggiano Donizetti, Mozart e altri, proprio perch\u00e9 in quanto postmoderno Lamberto cita tutti i materiali che vuole, da Donizetti alla Carr\u00e0&#8230; \u00c8 una visione del mondo completamente astorica. Per il postmoderno la storia non esiste. La storia anzi \u00e8 un eterno presente dal quale si pu\u00f2 prendere tutto quello che si vuole\u00bb.<\/p>\n<p>Tante le iniziative che stanno accompagnando il pubblico verso il debutto dell\u2019opera in programma il 29 settembre, tra cui\u00a0<strong>due mostre<\/strong>\u00a0(una intorno al Teatro Donizetti dedicata al pianeta Arkadia da cui nell\u2019opera arriva Raffa a cura di Sergio Pappalettera di Studio Prodesign, l\u2019altra nel Ridotto Gavazzeni su Raffaella Carr\u00e0 allestita dal Museo della Radio e della Televisione RAI che sar\u00e0 inaugurata il 26 settembre), due\u00a0<strong>giornate di studi<\/strong>\u00a0(19 e 25 settembre) organizzate col\u00a0CeRTA(Centro di Ricerca sulla Televisione e gli Audiovisivi Universit\u00e0 Cattolica del Sacro Cuore) diretto da Massimo Scaglioni, un\u00a0<strong>aperitivo filosofico<\/strong>\u00a0a cura di \u201cPopsophia\u00a0festival del contemporaneo\u201d. E ancora\u00a0<strong>spettacoli nei quartieri di Bergamo<\/strong>per raccontare la produzione, il\u00a0<strong>\u201cCarraoke\u201d<\/strong>\u00a0che ha fatto cantare le canzoni della Carr\u00e0 per le strade della citt\u00e0, la\u00a0<strong>Community su Whatsapp\u00a0<\/strong>dove vengono condivise in anteprima le fotografie delle prove, audio con alcuni passaggi musicali dell\u2019opera, informazioni generali sulla produzione (iscrizione\u00a0attraverso questo link\u00a0<a href=\"https:\/\/florianatessitore.us12.list-manage.com\/track\/click?u=9aecf99759cc1d6c0a0ef9c1d&amp;id=00aa5fb5cf&amp;e=37183f1df1\" target=\"_blank\" rel=\"noopener noreferrer\" data-saferedirecturl=\"https:\/\/www.google.com\/url?q=https:\/\/florianatessitore.us12.list-manage.com\/track\/click?u%3D9aecf99759cc1d6c0a0ef9c1d%26id%3D00aa5fb5cf%26e%3D37183f1df1&amp;source=gmail&amp;ust=1695467455760000&amp;usg=AOvVaw3OxZd6N7KIByl-fMfyGg_1\">https:\/\/bit.ly\/<wbr \/>1000PerRaffaInTheSky<\/a>)\u00a0e le quattro puntate del\u00a0<strong>podcast<\/strong>, disponibile su tutte le piattaforme, nelle quali sono intervenuti esperti, studiosi, cantanti, autori TV, che hanno conversato su diversi aspetti della figura di Raffaella Carr\u00e0.<\/p>\n","protected":false},"excerpt":{"rendered":"<p>\u00a0Per la prima volta una citt\u00e0 Capitale Italiana della Cultura commissiona un\u2019opera Da un\u2019idea di Francesco Micheli regista anche dello spettacolo con la musica di Lamberto Curtoni diretta da Carlo Boccadoro e il libretto di Alberto Mattioli e Renata Ciaravino\u00a0 Ad interpretare il personaggio di Raffaella Carr\u00e0 sar\u00e0 Chiara Dello Iacovo Nel cast Carmela Remigio, Gaia Petrone, Dave Monaco, Haris Andrianos e Roberto Lorenzi e i danzatori della Fattoria Vittadini\u00a0 Manca una settimana al debutto di\u00a0Raffa in the\u00a0Sky, la nuova opera ispirata a Raffaella Carr\u00e0 e dedicata alla societ\u00e0 Italiana dal dopoguerra a oggi che andr\u00e0 in scena al\u00a0Teatro Donizetti\u00a0di Bergamo\u00a0venerd\u00ec 29 settembre\u00a0(ore 20.30),\u00a0domenica 1\u00b0 ottobre\u00a0(ore 15.30),\u00a0venerd\u00ec 6 ottobre\u00a0(ore 20.30) e\u00a0domenica 8 ottobre\u00a0(ore 15.30).\u00a0La musica \u00e8 di Lamberto Curtoni, libretto di Renata Ciaravino e Alberto Mattioli da un\u2019idea di Francesco Micheli che firma anche la regia dello spettacolo. L\u2019opera \u00e8 commissionata \u00e8 prodotta dalla Fondazione Teatro Donizetti per Bergamo Brescia Capitale Italiana della Cultura 2023 ed \u00e8 la prima volta che una citt\u00e0 capitale inserisce nel proprio programma una nuova opera lirica, nella terra che ha inventato questo genere, simbolo dell\u2019Italia nel mondo. Raffa in the Sky\u00a0\u00e8 proprio una vera opera lirica, che si ispira alla figura iconica di Raffaella Carr\u00e0, grande protagonista della televisione italiana ma anche personaggio internazionale. Non \u00e8 un musical o una biografia in musica ma il racconto di una carriera artistica che ha accompagnato, e talvolta stimolato, le trasformazioni della societ\u00e0 italiana dell\u2019ultimo mezzo secolo. Attraverso momenti iconici della programmazione televisiva che ha avuto per protagonista la Carr\u00e0, l\u2019opera si propone di riflettere sul ruolo dell\u2019artista nella societ\u00e0, sul valore e sull\u2019uso dell\u2019arte, sul ruolo della televisione e degli altri media, senza dimenticare le canzoni che Raffaella ha interpretato, in un racconto che percorre la strada del surreale e del fantastico per parlare a tutti noi. \u00abSono fermamente convinto che il teatro debba rispondere ai bisogni brucianti della societ\u00e0 \u2013 racconta\u00a0Francesco Micheli\u00a0a Luca Baccolini nel programma di sala \u2013 Viviamo un\u2019epoca che ogni giorno ci squaderna il dramma delle donne iraniane, dei femminicidi, degli stupri, della violenza di genere. Tutto questo perch\u00e9 l&#8217;umanit\u00e0 tarda ancora a riconoscere come dovrebbe il ruolo di parit\u00e0 uomo-donna. L&#8217;arbitrio e la sopraffazione degli uomini sulle donne continuano a creare voragini di dolore e di ingiustizia. La Carr\u00e0 cos&#8217;ha fatto? Pi\u00f9 di mezzo secolo fa, con il suo corpo e la sua voce, ha parlato di libert\u00e0 della donna, senza per questo essere additata come una\u00a0pasionaria\u00a0o un&#8217;anarchica. Il \u00abGuardian\u00bb una volta ha scritto brillantemente: \u00abHa insegnato la gioia del sesso a tutta l&#8217;Europa\u00bb. Le barriere all&#8217;interno della vita culturale vanno aggiornate e possibilmente abbattute: anche per questo la Carr\u00e0 dev&#8217;essere considerata un soggetto culturale a pieno titolo\u00bb. A interpretare Raffaella Carr\u00e0 in questa nuova produzione bergamasca \u00e8 stata chiamata la giovanissima\u00a0Chiara Dello Iacovo, attrice diplomata alla Scuola del Teatro Stabile di Torino e cantante con partecipazioni a Musicultura 2015 e al Festival di Sanremo (Nuove Proposte 2016). Accanto a lei un cast di celebri cantanti d\u2019opera, come\u00a0Carmela Remigio,\u00a0Gaia Petrone,\u00a0Dave Monaco,\u00a0Haris<\/p>\n","protected":false},"author":7,"featured_media":24164,"comment_status":"closed","ping_status":"closed","sticky":false,"template":"","format":"standard","meta":{"footnotes":""},"categories":[70],"tags":[],"post_folder":[],"class_list":["post-24163","post","type-post","status-publish","format-standard","has-post-thumbnail","hentry","category-news"],"_links":{"self":[{"href":"https:\/\/www.teatrodonizetti.it\/it\/wp-json\/wp\/v2\/posts\/24163","targetHints":{"allow":["GET"]}}],"collection":[{"href":"https:\/\/www.teatrodonizetti.it\/it\/wp-json\/wp\/v2\/posts"}],"about":[{"href":"https:\/\/www.teatrodonizetti.it\/it\/wp-json\/wp\/v2\/types\/post"}],"author":[{"embeddable":true,"href":"https:\/\/www.teatrodonizetti.it\/it\/wp-json\/wp\/v2\/users\/7"}],"replies":[{"embeddable":true,"href":"https:\/\/www.teatrodonizetti.it\/it\/wp-json\/wp\/v2\/comments?post=24163"}],"version-history":[{"count":0,"href":"https:\/\/www.teatrodonizetti.it\/it\/wp-json\/wp\/v2\/posts\/24163\/revisions"}],"wp:featuredmedia":[{"embeddable":true,"href":"https:\/\/www.teatrodonizetti.it\/it\/wp-json\/wp\/v2\/media\/24164"}],"wp:attachment":[{"href":"https:\/\/www.teatrodonizetti.it\/it\/wp-json\/wp\/v2\/media?parent=24163"}],"wp:term":[{"taxonomy":"category","embeddable":true,"href":"https:\/\/www.teatrodonizetti.it\/it\/wp-json\/wp\/v2\/categories?post=24163"},{"taxonomy":"post_tag","embeddable":true,"href":"https:\/\/www.teatrodonizetti.it\/it\/wp-json\/wp\/v2\/tags?post=24163"},{"taxonomy":"post_folder","embeddable":true,"href":"https:\/\/www.teatrodonizetti.it\/it\/wp-json\/wp\/v2\/post_folder?post=24163"}],"curies":[{"name":"wp","href":"https:\/\/api.w.org\/{rel}","templated":true}]}}