{"id":24103,"date":"2023-09-18T11:21:26","date_gmt":"2023-09-18T09:21:26","guid":{"rendered":"https:\/\/www.teatrodonizetti.it\/?p=24103"},"modified":"2023-09-18T12:39:34","modified_gmt":"2023-09-18T10:39:34","slug":"ti-presento-raffa-e-rumore-la-filosofia-di-raffaella-carra-due-serate-per-conoscere-e-approfondire-i-temi-della-nuova-opera","status":"publish","type":"post","link":"https:\/\/www.teatrodonizetti.it\/it\/ti-presento-raffa-e-rumore-la-filosofia-di-raffaella-carra-due-serate-per-conoscere-e-approfondire-i-temi-della-nuova-opera\/","title":{"rendered":"\u201cTi presento Raffa\u201d e \u201cRumore. La filosofia di Raffaella Carr\u00e0\u201d due serate per conoscere e approfondire i temi della nuova opera"},"content":{"rendered":"<div class=\"fusion-fullwidth fullwidth-box fusion-builder-row-1 fusion-flex-container nonhundred-percent-fullwidth non-hundred-percent-height-scrolling\" style=\"--awb-border-radius-top-left:0px;--awb-border-radius-top-right:0px;--awb-border-radius-bottom-right:0px;--awb-border-radius-bottom-left:0px;--awb-flex-wrap:wrap;\" ><div class=\"fusion-builder-row fusion-row fusion-flex-align-items-flex-start fusion-flex-content-wrap\" style=\"max-width:1331.2px;margin-left: calc(-4% \/ 2 );margin-right: calc(-4% \/ 2 );\"><div class=\"fusion-layout-column fusion_builder_column fusion-builder-column-0 fusion_builder_column_1_1 1_1 fusion-flex-column\" style=\"--awb-bg-size:cover;--awb-width-large:100%;--awb-margin-top-large:0px;--awb-spacing-right-large:1.92%;--awb-margin-bottom-large:0px;--awb-spacing-left-large:1.92%;--awb-width-medium:100%;--awb-spacing-right-medium:1.92%;--awb-spacing-left-medium:1.92%;--awb-width-small:100%;--awb-spacing-right-small:1.92%;--awb-spacing-left-small:1.92%;\"><div class=\"fusion-column-wrapper fusion-flex-justify-content-flex-start fusion-content-layout-column\"><div class=\"fusion-text fusion-text-1\"><div style=\"text-align: center;\">\n<p style=\"text-align: center;\"><em>A Redona con Francesco Micheli e il cast per ascoltare in anteprima alcune pagine di <\/em>Raffa in the Sky<\/p>\n<p style=\"text-align: center;\"><em>Al Balzer Globe iniziativa di Popsophia-festival del contemporaneo di Pesaro con Lucrezia Ercoli e Djset con Protopapa<\/em><\/p>\n<\/p>\n<div style=\"text-align: center;\"><em style=\"background-color: rgba(255, 255, 255, 0); color: var(--body_typography-color); font-family: var(--body_typography-font-family); font-size: var(--body_typography-font-size); font-weight: var(--body_typography-font-weight); letter-spacing: var(--body_typography-letter-spacing);\">domenica 17 settembre, Teatro Qoelet, ore 21<\/em><\/div>\n<p><em><\/p>\n<div style=\"text-align: center;\"><em style=\"background-color: rgba(255, 255, 255, 0); color: var(--body_typography-color); font-family: var(--body_typography-font-family); font-size: var(--body_typography-font-size); font-weight: var(--body_typography-font-weight); letter-spacing: var(--body_typography-letter-spacing);\">luned\u00ec 18 settembre, Balzer Globe, ore 19<\/em><\/div>\n<p><\/em><\/p>\n<\/div>\n<div style=\"text-align: center;\"><\/div>\n<div style=\"text-align: center;\">La partecipazione \u00e8 libera con prenotazione consigliata su <a href=\"http:\/\/www.raffainthesky.it\/\" target=\"_blank\" rel=\"noopener\" data-saferedirecturl=\"https:\/\/www.google.com\/url?q=http:\/\/www.raffainthesky.it&amp;source=gmail&amp;ust=1695108221148000&amp;usg=AOvVaw07FQ3UGxZrjPAkb0J548jL\">www.raffainthesky.it<\/a><\/div>\n<div style=\"text-align: justify;\"><\/div>\n<div>\n<p style=\"text-align: justify; \">Due nuovi appuntamenti per conoscere l\u2019opera Raffa in the Sky e il pensiero filosofico e creativo che sta alla base della nuova creazione per Bergamo Brescia Capitale Italiana della Cultura 2023.Domenica<strong> 17 settembre<\/strong> al <strong>Teatro Qoelet alle ore 21<\/strong> (Via Papa Leone XIII, 22) andr\u00e0 in scena<strong><em> Ti presento Raffa<\/em><\/strong>: <strong>una vera e propria anteprima di <em>Raffa in the Sky<\/em><\/strong> con Francesco Micheli e il cast dell\u2019opera che accompagneranno il pubblico all\u2019interno dell\u2019opera in prima assoluta che andr\u00e0 in scena dal 29 settembre<em>. <\/em> <em>Ti presento Raffa <\/em>\u00e8 l\u2019occasione fondamentale per cominciare ad ascoltare alcune pagine della nuova opera scritta da Lamberto Curtoni, scoprire il soggetto e i personaggi immaginati dai librettisti Renata Ciaravino e Alberto Mattioli, conoscere gli interpreti di questa produzione pensata per l\u2019anno di Bergamo Brescia Capitale Italiana della Cultura 2023. Al Teatro di Loreto e al Teatro Qoelet di Redona ci sanno in scena Chiara Dello Iacovo (interprete di Raffaella) e poi il celebre soprano Carmela Remigio, il tenore Dave Monaco, il mezzosoprano Gaia Petrone, il baritono Haris Andrianos e il basso Roberto Lorenzi. Lo spettacolo si svolge all\u2019interno del programma della festa di San Lorenzo  della parrocchia di Redona. L\u2019ingresso \u00e8 libero con prenotazione consigliata sul sito <a href=\"http:\/\/www.raffainthesky.it\/\" target=\"_blank\" rel=\"noopener\" data-saferedirecturl=\"https:\/\/www.google.com\/url?q=http:\/\/www.raffainthesky.it&amp;source=gmail&amp;ust=1695108221148000&amp;usg=AOvVaw07FQ3UGxZrjPAkb0J548jL\">www.raffainthesky.it<\/a>.<\/p>\n<\/p>\n<p style=\"text-align: justify; \">Un aperitivo filosofico seguito da un set costituiscono invece l\u2019appuntamento di <strong>luned\u00ec 18 settembre alle ore 19 Balzer Globe dal titolo \u201cRumore. La filosofia di Raffaella Carr\u00e0\u201d. <\/strong>Sar\u00e0 una conferenza spettacolo a cura di Popsophia-festival del Contemporaneo di Pesaro per ricostruire la rivoluzione leggera che, a colpi di caschetto biondo mai spettinato, ha caratterizzato l\u2019Italia del boom economico, cambiando equilibri e visioni, rompendo stereotipi e pregiudizi. Con il cognome del pittore metafisico e il nome del maestro del Rinascimento, Raffaella Carr\u00e0 \u00e8 oggi un\u2019icona fuori dal tempo e dallo spazio, un mito che ha segnato la cultura pop internazionale e che continua a far muovere corpi e pensieri. Un nuovo modello femminile che fa \u201crumore\u201d perch\u00e9 \u201cla vita non \u00e8 pi\u00f9 tutta una serie di tab\u00f9\u201d: i temi della filosofia contemporanea risuonano nel ritmo bacchico e vertiginoso del suo <em>Tuca Tuca<\/em>. Ne parler\u00e0 la filosofa <strong>Lucrezia Ercoli<\/strong> con il supporto dei video di <strong>Riccardo Minnucc<\/strong>i e il dj set di <strong>Protopapa<\/strong>, autore di un remix omaggio alla cantante per i suoi ottant\u2019anni, basato sul brano <em>Luca<\/em>. L\u2019ingresso e il primo cocktail sono gratuiti con prenotazione consigliata sul sito <a href=\"http:\/\/www.raffainthesky.it\/\" target=\"_blank\" rel=\"noopener\" data-saferedirecturl=\"https:\/\/www.google.com\/url?q=http:\/\/www.raffainthesky.it&amp;source=gmail&amp;ust=1695108221148000&amp;usg=AOvVaw07FQ3UGxZrjPAkb0J548jL\">www.raffainthesky.it<\/a>.<\/p>\n<p style=\"text-align: justify; \">Continua a crescere la <strong>community su Whatsapp \u201cI mille per Raffa in the Sky\u201d, <\/strong>spazio digitale nel quale sono condivisi quotidianamente approfondimenti, curiosit\u00e0, video, fotografie della produzione <em>Raffa in the <\/em>Sky, di Raffaella Carr\u00e0 e del pianeta Arkadia. \u00c8 sempre possibile iscriversi attraverso questo link <a href=\"https:\/\/florianatessitore.us12.list-manage.com\/track\/click?u=9aecf99759cc1d6c0a0ef9c1d&amp;id=f8231dda0d&amp;e=37183f1df1\" target=\"_blank\" rel=\"noopener\" data-saferedirecturl=\"https:\/\/www.google.com\/url?q=https:\/\/florianatessitore.us12.list-manage.com\/track\/click?u%3D9aecf99759cc1d6c0a0ef9c1d%26id%3Df8231dda0d%26e%3D37183f1df1&amp;source=gmail&amp;ust=1695108221148000&amp;usg=AOvVaw3rBXnTkRm8T5Ldku3M9Z9T\">https:\/\/bit.ly\/<wbr>1000PerRaffaInTheSky<\/a><\/p>\n<p style=\"text-align: justify; \"><em>Raffa in the Sky<\/em> sar\u00e0 in scena al <strong>Teatro Donizetti<\/strong> di Bergamo <strong>v<\/strong><strong>enerd\u00ec 29 settembre<\/strong> (ore 20.30), <strong>d<\/strong><strong>omenica 1 ottobre<\/strong> (ore 15.30), <strong>venerd\u00ec 6 ottobre<\/strong>(ore 20.30) e <strong>domenica 8 ottobre<\/strong> (ore 15.30). I biglietti sono disponibili online su <a href=\"http:\/\/raffainthesky.vivaticket.it\/\" target=\"_blank\" rel=\"noopener\" data-saferedirecturl=\"https:\/\/www.google.com\/url?q=http:\/\/raffainthesky.vivaticket.it&amp;source=gmail&amp;ust=1695108221148000&amp;usg=AOvVaw1YW2gm7MdCtiK2-eZ6DVWK\">raffainthesky.vivaticket.it<\/a> e su <a href=\"http:\/\/teatrodonizetti.vivaticket.it\/\" target=\"_blank\" rel=\"noopener\" data-saferedirecturl=\"https:\/\/www.google.com\/url?q=http:\/\/teatrodonizetti.vivaticket.it&amp;source=gmail&amp;ust=1695108221148000&amp;usg=AOvVaw3VvBWkz2GgB1pn1QQM94lO\">teatrodonizetti.vivaticket.<wbr>it<\/a> o ancora su <u><a href=\"http:\/\/teatrodonizetti.it\/\" target=\"_blank\" rel=\"noopener\" data-saferedirecturl=\"https:\/\/www.google.com\/url?q=http:\/\/teatrodonizetti.it&amp;source=gmail&amp;ust=1695108221148000&amp;usg=AOvVaw0URMTLH12UOARmYhXCJVgI\">teatrodonizetti.it<\/a><\/u> e <u><a href=\"http:\/\/vivaticket.com\/\" target=\"_blank\" rel=\"noopener\" data-saferedirecturl=\"https:\/\/www.google.com\/url?q=http:\/\/vivaticket.com&amp;source=gmail&amp;ust=1695108221148000&amp;usg=AOvVaw0v29fmQUdiZbpSdTCvEpag\">vivati<wbr>cket.com<\/a><\/u>; la biglietteria del Teatro Donizetti a Bergamo (Piazza Cavour 15 tel. <a href=\"tel:035.4160\" target=\"_blank\" rel=\"noopener\">035.4160<\/a> 601\/602\/603) \u00e8 aperta da marted\u00ec a sabato, ore 13.00-20.00 &#8211; <a href=\"mailto:biglietteria@fondazioneteatrodonizetti.org\" target=\"_blank\" rel=\"noopener\">biglietteria@<wbr>fondazioneteatrodonizetti.org<\/a>)<wbr>. Il costo va da 15 a 110 euro (riduzioni per over 65, under 30 studenti, abbonati alla stagione lirica, gruppi).<\/p>\n<\/div>\n<\/div><\/div><\/div><\/div><\/div>\n","protected":false},"excerpt":{"rendered":"","protected":false},"author":7,"featured_media":24101,"comment_status":"closed","ping_status":"closed","sticky":false,"template":"","format":"standard","meta":{"footnotes":""},"categories":[70],"tags":[],"post_folder":[],"class_list":["post-24103","post","type-post","status-publish","format-standard","has-post-thumbnail","hentry","category-news"],"_links":{"self":[{"href":"https:\/\/www.teatrodonizetti.it\/it\/wp-json\/wp\/v2\/posts\/24103","targetHints":{"allow":["GET"]}}],"collection":[{"href":"https:\/\/www.teatrodonizetti.it\/it\/wp-json\/wp\/v2\/posts"}],"about":[{"href":"https:\/\/www.teatrodonizetti.it\/it\/wp-json\/wp\/v2\/types\/post"}],"author":[{"embeddable":true,"href":"https:\/\/www.teatrodonizetti.it\/it\/wp-json\/wp\/v2\/users\/7"}],"replies":[{"embeddable":true,"href":"https:\/\/www.teatrodonizetti.it\/it\/wp-json\/wp\/v2\/comments?post=24103"}],"version-history":[{"count":0,"href":"https:\/\/www.teatrodonizetti.it\/it\/wp-json\/wp\/v2\/posts\/24103\/revisions"}],"wp:featuredmedia":[{"embeddable":true,"href":"https:\/\/www.teatrodonizetti.it\/it\/wp-json\/wp\/v2\/media\/24101"}],"wp:attachment":[{"href":"https:\/\/www.teatrodonizetti.it\/it\/wp-json\/wp\/v2\/media?parent=24103"}],"wp:term":[{"taxonomy":"category","embeddable":true,"href":"https:\/\/www.teatrodonizetti.it\/it\/wp-json\/wp\/v2\/categories?post=24103"},{"taxonomy":"post_tag","embeddable":true,"href":"https:\/\/www.teatrodonizetti.it\/it\/wp-json\/wp\/v2\/tags?post=24103"},{"taxonomy":"post_folder","embeddable":true,"href":"https:\/\/www.teatrodonizetti.it\/it\/wp-json\/wp\/v2\/post_folder?post=24103"}],"curies":[{"name":"wp","href":"https:\/\/api.w.org\/{rel}","templated":true}]}}