{"id":20709,"date":"2023-03-16T09:03:04","date_gmt":"2023-03-16T08:03:04","guid":{"rendered":"https:\/\/www.teatrodonizetti.it\/?p=20709"},"modified":"2023-03-17T14:36:38","modified_gmt":"2023-03-17T13:36:38","slug":"i-primi-numeri-e-i-primi-appuntamenti-del-festival-692-abbonamenti-alle-tre-serate-al-donizetti","status":"publish","type":"post","link":"https:\/\/www.teatrodonizetti.it\/it\/i-primi-numeri-e-i-primi-appuntamenti-del-festival-692-abbonamenti-alle-tre-serate-al-donizetti\/","title":{"rendered":"I primi numeri e i primi appuntamenti del Festival: 692 abbonamenti alle tre serate al Donizetti"},"content":{"rendered":"<p><strong>692 abbonamenti<\/strong> &#8211; 143 in pi\u00f9 rispetto allo scorso anno &#8211; alle tre serate al Teatro Donizetti, eguagliando il record del 2017. Gi\u00e0 oltre mille gli spettatori, in possesso di abbonamento o biglietto, attesi per tutte e tre le sere: tutto ci\u00f2 fa quindi prevedere un Donizetti <strong>sold out<\/strong>. Un risultato ragguardevole che trova ulteriore riscontro nel buon andamento delle vendite per gli altri concerti del Festival: sono questi i primi numeri della <strong>44<sup>a<\/sup> edizione <\/strong>di <strong>Bergamo Jazz<\/strong>, Festival organizzato da <strong>Fondazione Teatro Donizetti<\/strong> con <strong>Comune di Bergamo<\/strong>, quest\u2019anno inserito nel palinsesto di eventi di \u201cBergamo Brescia Capitale Italiana della Cultura 2023\u201d.<\/p>\n<p>Atri dati che confermano il respiro nazionale e internazionale del Festival:<strong> 16 sono le regioni<\/strong> di provenienza del pubblico (Basilicata, Calabria, Campania, Emilia Romagna, Friuli Venezia Giulia, Lazio, Liguria, Lombardia, Marche, Piemonte, Puglia, Sardegna, Sicilia, Toscana, Trentino Alto Adige, Veneto) e <strong>13 le nazioni<\/strong> <strong>estere<\/strong> (Austria, Bulgaria, Finlandia, Germania, Gran Bretagna, Israele, Lettonia, Norvegia, Slovenia, Spagna, Stati Uniti, Svizzera, Ungheria).<\/p>\n<p>Prima di entrare nel vivo delle quattro intense giornate, dal 23 al 26 marzo, disegnate dalla Direttrice Artistica Maria Pia De Vito, Bergamo Jazz 2023 propone alcuni appuntamenti organizzati insieme a importanti realt\u00e0 istituzionali e associative della citt\u00e0.<\/p>\n<p><strong>Passaggio di testimone con Bergamo Film Meeting <\/strong><\/p>\n<p>Torna il significativo passaggio di testimone tra Bergamo Film Meeting e Bergamo Jazz, interrotto a causa delle conseguenze della pandemia. Due gli appuntamenti in scaletta nel pomeriggio di domenica 19 marzo all\u2019Auditorium di Piazza della Libert\u00e0. Alle ore 15.15 con la proiezione di <em>Les F\u00e9lins<\/em> (<em>Crisantemi per un delitto<\/em>) di Ren\u00e9 Cl\u00e9ment: atmosfere noir, suspense e un gruppo di attori impeccabili (tra cui Jane Fonda) per una pellicola del 1964 che si avvale delle musiche del compositore argentino Lalo Schifrin.<\/p>\n<p>Alle ore 17.30 con la sonorizzazione da parte del pianista <strong>Simone Graziano<\/strong>, uno dei nomi pi\u00f9 in vista e musicalmente stimolanti dell\u2019attuale panorama jazzistico italiano, de <em>L\u2019inferno<\/em> (1911), adattamento della Prima Cantica della Divina Commedia, uno dei capolavori del\u00a0cinema muto restituito nel 2016 alla sua edizione originale\u00a0dal restauro curato dalla Cineteca di Bologna.<\/p>\n<p><strong>\u00a0<\/strong><strong>Anteprima all\u2019Accademia Carrara<\/strong><\/p>\n<p>Mercoled\u00ec 22 (ore 18.30) i capolavori pittorici dell\u2019Accademia Carrara faranno da sfondo alla performance del duo della vocalist <strong>Camilla Battaglia<\/strong> e della bassista <strong>Rosa Brunello<\/strong>: canzoni fuori da schemi preordinati con largo spazio per l\u2019improvvisazione e anche per l\u2019elettronica, proposte da due delle principali esponenti del jazz al femminile made in Italy, conosciute e apprezzate anche oltre i confini nazionali.<\/p>\n<p><strong>Incontriamo il jazz <\/strong><\/p>\n<p>Anche quest\u2019anno, come da consolidata tradizione, Bergamo Jazz ospita all\u2019Auditorium di Piazza della Libert\u00e0 (con doppio turno alle ore 9.30 e alle ore 11.00) gli incontri a cura di CDpM Europe rivolti agli allievi delle scuole primarie e secondarie, ai quali <strong>hanno aderito 98 classi di 32 Istituti scolastici di Bergamo e Provincia per oltre 2.200 alunni complessivi<\/strong>. Ai pi\u00f9 piccoli sar\u00e0 specificatamente dedicato l\u2019incontro di mercoled\u00ec 22, incentrato sulla figura di Duke Ellington, grazie alla cui opera saranno esaminate alcune caratteristiche e procedure del jazz, come il rapporto tra composizione e improvvisazione, lo swing, la vocalit\u00e0, il blues. Alcuni capolavori ellingtoniani saranno eseguiti da Emilio Soana (tromba), Claudio Angeleri (pianoforte), Gabriele Comeglio (sax alto e soprano), Marco Esposito (basso) e da Matteo Milesi (batteria). La voce solista di Paola Milzani sar\u00e0 affiancata dal coro gospel dell\u2019Istituto comprensivo Santa Lucia di Bergamo, a conclusione di un laboratorio sulla vocalit\u00e0 tenuto dai docenti del CDpM nella stessa scuola.<\/p>\n<p>I successivi incontri, da gioved\u00ec 23 a sabato 25, avranno come filo conduttore un viaggio tra musica, arte, architettura, letteratura, scienza e storia nel solco di alcune figure eccellenti che hanno fatto conoscere Bergamo e Brescia in tutto il mondo, da Caravaggio a Torquato Tasso, da Niccol\u00f2 Tartaglia a Pietro Antonio Locatelli e Luca Marenzio, da Papa Giovanni XXIII a Papa Paolo VI. Durante questi incontri verranno proposti brani e arrangiamenti scritti da<strong> Gianluigi Trovesi<\/strong> e <strong>Claudio Angeleri<\/strong> nell\u2019ambito del laboratorio di ricerca sull\u2019improvvisazione del CDpM e interpretati insieme ad alcuni giovani musicisti del territorio bergamasco. Oltre ai due autori, suoneranno sul palcoscenico dell\u2019Auditorium: Nicholas Lecchi (sax soprano), Beatrice Sisana (flauto), Enrico Bono (sax tenore), Alessia Marcassoli (voce), Chiara Arnoldi (basso), Pietro Berti (chitarra), Matteo Milesi (batteria) Lorenzo Beltrami (percussioni). Sono previsti, inoltre, interventi del musicologo Maurizio Franco.<\/p>\n<p><strong>Bergamo Jazz sempre pi\u00f9 Green <\/strong><\/p>\n<p>Di particolare rilievo, nell\u2019ottica sempre pi\u00f9 Green del Festival, si aggiungono alcune nuove partnership tecniche alle collaborazioni e sponsorizzazioni annunciate in precedenza: Lodauto, che metter\u00e0 a disposizione 3 automobili <em>full electric<\/em> per il trasporto dei musicisti; Birrificio Elav, Fonte Bracca e Bergamo Mercati, che forniranno <em>food and beverage<\/em> a Km 0 per il catering degli artisti.<\/p>\n<p>Anche il merchandising 2023 di Bergamo Jazz sar\u00e0 ecosostenibile, con T shirt 100% cotone biologico, penne a sfera in bamb\u00f9, segnalibri in carta riciclabile.<\/p>\n<p>Fondazione Teatro Donizetti e Bergamo Jazz Festival ringraziano: MIC \u2013 Ministero Italiano Cultura, Regione Lombardia, Camera di Commercio Bergamo (partner istituzionali), Allianz (Main Partner), Intesa Sanpaolo (special partner sezione Scintille di Jazz), Fondazione Cariplo, UniAcque, Studio Toffoletto De Luca Tamajo, Studio Avvocato Vincenzo Coppola, KPMG, PT Avant, COSTIM, Rea Dalmine, Habilita; Claypaky, ATB, Lodauto, Le Soprano, Birrificio Indipendente Elav, Fonte Bracca, Bergamo Mercati (sponsor tecnici); Hotel Cappello d\u2019Oro e NH Hotel (hospitality partner).<\/p>\n<p>Un ringraziamento speciale a tutti coloro che sostengono l\u2019attivit\u00e0 della Fondazione Teatro Donizetti (Artbonus.Gov.It): Ambienta, A2A, ATB Servizi, Automha, Brembomatic, Confindustria Bergamo, CRS Impianti, CX Centax, Effegi, Fecs, Ferretticasa, Flow Meter, Gioielleria Rota, Gruppo Alimentare Ambrosini, Gruppo Rulmeca, ICB, Impresa Edile Stradale Artifoni, Ire Omba, Levorato, Lovato Electric, Ma.Bo, Milestone, Montello, M.S. Ambrogio, Nuova Demi, OMB Valves, Panestetic, Ri.Gom.Ma, Sacbo, Stucchi Group, 3v Green Eagle, \u00a0Trussardi Petroli, Zanetti.<\/p>\n<hr \/>\n<p><strong>INFORMAZIONI BIGLIETTERIA<br \/>\n<\/strong><em>c\/o<\/em> <strong>TEATRO DONIZETTI<br \/>\n<\/strong>Piazza Cavour, 15<br \/>\nTel. 035.4160 601\/602\/603 | E-mail biglietteria@fondazioneteatrodonizetti.org<\/p>\n","protected":false},"excerpt":{"rendered":"<p>692 abbonamenti &#8211; 143 in pi\u00f9 rispetto allo scorso anno &#8211; alle tre serate al Teatro Donizetti, eguagliando il record del 2017. Gi\u00e0 oltre mille gli spettatori, in possesso di abbonamento o biglietto, attesi per tutte e tre le sere: tutto ci\u00f2 fa quindi prevedere un Donizetti sold out. Un risultato ragguardevole che trova ulteriore riscontro nel buon andamento delle vendite per gli altri concerti del Festival: sono questi i primi numeri della 44a edizione di Bergamo Jazz, Festival organizzato da Fondazione Teatro Donizetti con Comune di Bergamo, quest\u2019anno inserito nel palinsesto di eventi di \u201cBergamo Brescia Capitale Italiana della Cultura 2023\u201d. Atri dati che confermano il respiro nazionale e internazionale del Festival: 16 sono le regioni di provenienza del pubblico (Basilicata, Calabria, Campania, Emilia Romagna, Friuli Venezia Giulia, Lazio, Liguria, Lombardia, Marche, Piemonte, Puglia, Sardegna, Sicilia, Toscana, Trentino Alto Adige, Veneto) e 13 le nazioni estere (Austria, Bulgaria, Finlandia, Germania, Gran Bretagna, Israele, Lettonia, Norvegia, Slovenia, Spagna, Stati Uniti, Svizzera, Ungheria). Prima di entrare nel vivo delle quattro intense giornate, dal 23 al 26 marzo, disegnate dalla Direttrice Artistica Maria Pia De Vito, Bergamo Jazz 2023 propone alcuni appuntamenti organizzati insieme a importanti realt\u00e0 istituzionali e associative della citt\u00e0. Passaggio di testimone con Bergamo Film Meeting Torna il significativo passaggio di testimone tra Bergamo Film Meeting e Bergamo Jazz, interrotto a causa delle conseguenze della pandemia. Due gli appuntamenti in scaletta nel pomeriggio di domenica 19 marzo all\u2019Auditorium di Piazza della Libert\u00e0. Alle ore 15.15 con la proiezione di Les F\u00e9lins (Crisantemi per un delitto) di Ren\u00e9 Cl\u00e9ment: atmosfere noir, suspense e un gruppo di attori impeccabili (tra cui Jane Fonda) per una pellicola del 1964 che si avvale delle musiche del compositore argentino Lalo Schifrin. Alle ore 17.30 con la sonorizzazione da parte del pianista Simone Graziano, uno dei nomi pi\u00f9 in vista e musicalmente stimolanti dell\u2019attuale panorama jazzistico italiano, de L\u2019inferno (1911), adattamento della Prima Cantica della Divina Commedia, uno dei capolavori del\u00a0cinema muto restituito nel 2016 alla sua edizione originale\u00a0dal restauro curato dalla Cineteca di Bologna. \u00a0Anteprima all\u2019Accademia Carrara Mercoled\u00ec 22 (ore 18.30) i capolavori pittorici dell\u2019Accademia Carrara faranno da sfondo alla performance del duo della vocalist Camilla Battaglia e della bassista Rosa Brunello: canzoni fuori da schemi preordinati con largo spazio per l\u2019improvvisazione e anche per l\u2019elettronica, proposte da due delle principali esponenti del jazz al femminile made in Italy, conosciute e apprezzate anche oltre i confini nazionali. Incontriamo il jazz Anche quest\u2019anno, come da consolidata tradizione, Bergamo Jazz ospita all\u2019Auditorium di Piazza della Libert\u00e0 (con doppio turno alle ore 9.30 e alle ore 11.00) gli incontri a cura di CDpM Europe rivolti agli allievi delle scuole primarie e secondarie, ai quali hanno aderito 98 classi di 32 Istituti scolastici di Bergamo e Provincia per oltre 2.200 alunni complessivi. Ai pi\u00f9 piccoli sar\u00e0 specificatamente dedicato l\u2019incontro di mercoled\u00ec 22, incentrato sulla figura di Duke Ellington, grazie alla cui opera saranno esaminate alcune caratteristiche e procedure del jazz, come il rapporto tra composizione e improvvisazione, lo<\/p>\n","protected":false},"author":2,"featured_media":20710,"comment_status":"closed","ping_status":"closed","sticky":false,"template":"","format":"standard","meta":{"footnotes":""},"categories":[70],"tags":[],"post_folder":[],"class_list":["post-20709","post","type-post","status-publish","format-standard","has-post-thumbnail","hentry","category-news"],"_links":{"self":[{"href":"https:\/\/www.teatrodonizetti.it\/it\/wp-json\/wp\/v2\/posts\/20709","targetHints":{"allow":["GET"]}}],"collection":[{"href":"https:\/\/www.teatrodonizetti.it\/it\/wp-json\/wp\/v2\/posts"}],"about":[{"href":"https:\/\/www.teatrodonizetti.it\/it\/wp-json\/wp\/v2\/types\/post"}],"author":[{"embeddable":true,"href":"https:\/\/www.teatrodonizetti.it\/it\/wp-json\/wp\/v2\/users\/2"}],"replies":[{"embeddable":true,"href":"https:\/\/www.teatrodonizetti.it\/it\/wp-json\/wp\/v2\/comments?post=20709"}],"version-history":[{"count":0,"href":"https:\/\/www.teatrodonizetti.it\/it\/wp-json\/wp\/v2\/posts\/20709\/revisions"}],"wp:featuredmedia":[{"embeddable":true,"href":"https:\/\/www.teatrodonizetti.it\/it\/wp-json\/wp\/v2\/media\/20710"}],"wp:attachment":[{"href":"https:\/\/www.teatrodonizetti.it\/it\/wp-json\/wp\/v2\/media?parent=20709"}],"wp:term":[{"taxonomy":"category","embeddable":true,"href":"https:\/\/www.teatrodonizetti.it\/it\/wp-json\/wp\/v2\/categories?post=20709"},{"taxonomy":"post_tag","embeddable":true,"href":"https:\/\/www.teatrodonizetti.it\/it\/wp-json\/wp\/v2\/tags?post=20709"},{"taxonomy":"post_folder","embeddable":true,"href":"https:\/\/www.teatrodonizetti.it\/it\/wp-json\/wp\/v2\/post_folder?post=20709"}],"curies":[{"name":"wp","href":"https:\/\/api.w.org\/{rel}","templated":true}]}}