{"id":20366,"date":"2023-02-24T13:56:40","date_gmt":"2023-02-24T12:56:40","guid":{"rendered":"https:\/\/www.teatrodonizetti.it\/?p=20366"},"modified":"2023-02-24T14:00:00","modified_gmt":"2023-02-24T13:00:00","slug":"il-25-febbraio-la-favorite-diretta-da-riccardo-frizza-e-registrata-al-donizetti-opera-2022-sara-trasmessa-su-rai-radio3-trasmessa-su-rai-radio3","status":"publish","type":"post","link":"https:\/\/www.teatrodonizetti.it\/it\/il-25-febbraio-la-favorite-diretta-da-riccardo-frizza-e-registrata-al-donizetti-opera-2022-sara-trasmessa-su-rai-radio3-trasmessa-su-rai-radio3\/","title":{"rendered":"Il 25 febbraio \u201cLa favorite\u201d diretta da Riccardo Frizza e registrata al Donizetti Opera 2022 sar\u00e0 trasmessa su Rai Radio3 TRASMESSA SU RAI RADIO3"},"content":{"rendered":"<h4 style=\"text-align: center;\"><strong><em>L\u2019allestimento firmato da Valentina Carrasco \u00e8 invece a Bordeaux dove debutter\u00e0 il 4 marzo\u00a0<\/em><\/strong><\/h4>\n<p>Il titolo inaugurale del Donizetti Opera 2022,\u00a0<strong><em>La favorite<\/em><\/strong>\u00a0sar\u00e0 trasmesso sabato 25 febbraio alle ore 20 su Rai Radio3 (disponibile in FM e anche online).<br \/>\nCapolavoro della maturit\u00e0 donizettiana su libretto di Alphonse Royer e Gustave Va\u00ebz, La favorite vide la luce all\u2019Op\u00e9ra di Parigi nel 1840. A Bergamo \u00e8 andato in scena al\u00a0<strong>Teatro Donizetti\u00a0<\/strong>lo scorso 18 novembre (in replica poi il 27 novembre e il 3 dicembre), seguendo l\u2019edizione critica preparata da Rebecca Harris-Warrick (per l\u2019edizione nazionale Ricordi \/ Fondazione Teatro Donizetti \/ Comune di Bergamo) nella sua integralit\u00e0, compreso il divertissement di danze e la cabaletta del duetto fra L\u00e9onor e Alphonse, che fu eseguita alla prima parigina e tagliata dopo alcune repliche per certe espressioni considerate troppo \u201cforti\u201d all\u2019epoca.<\/p>\n<p>Sul podio dell\u2019Orchestra Donizetti Opera il direttore musicale del festival\u00a0<strong>Riccardo Frizza\u00a0<\/strong>e un cast di assoluto rilievo con il mezzosoprano\u00a0<strong>Annalisa Stroppa<\/strong>\u00a0(L\u00e9onor), il tenore\u00a0<strong>Javier Camarena\u00a0<\/strong>(Fernand), il baritono\u00a0<strong>Florian Sempey<\/strong>\u00a0(Alphonse XI), e ancora\u00a0<strong>Evgeny Stavinsky<\/strong>\u00a0(Barthazar),\u00a0<strong>Edoardo Milletti<\/strong>\u00a0(Don Gaspar) e\u00a0<strong>Caterina Di Tonno<\/strong>\u00a0(In\u00e8s),\u00a0<strong>Alessandro Barbaglia<\/strong>\u00a0(un signeur). Il Coro era costituito dagli elementi del\u00a0<strong>Coro Donizetti Opera<\/strong>\u00a0e da quelli dell\u2019<strong>Accademia Teatro alla Scala\u00a0<\/strong>diretti da Salvo Sgr\u00f2.<\/p>\n<p>L\u2019allestimento, con la regia di\u00a0<strong>Valentina Carrasco<\/strong>, \u00e8 una coproduzione con l\u2019<strong>Op\u00e9ra National de Bordeaux<\/strong>\u00a0dove si trova in queste settimane, pronto per il\u00a0<strong>debutto sabato 4 marzo<\/strong>. Le scene sono di Carles Berga e Peter van Praet (anche lighting designer) i costumi di Silvia Aymonino, la coreografia di Massimiliano Volpini.<br \/>\nIl video della produzione bergamasca \u00e8 disponibile in streaming (a pagamento) su\u00a0<a href=\"http:\/\/donizetti.org\/tv\" target=\"_blank\" rel=\"noopener\" data-saferedirecturl=\"https:\/\/www.google.com\/url?q=http:\/\/donizetti.org\/tv&amp;source=gmail&amp;ust=1677329362303000&amp;usg=AOvVaw1C5MZauIGT7PGsF9glhxMa\">donizetti.org\/tv<\/a>\u00a0e presto sar\u00e0 pubblicata in dvd.<\/p>\n<p><em>La favorite\u00a0<\/em>\u00e8 stato il titolo pi\u00f9 recensito del Donizetti Opera 2023 e ha raccolto i commenti pi\u00f9 convinti fra le quasi 90 testate accreditate: \u00abAnnalisa Stroppa \u2013 scrive Roberta Pedrotti su \u201cL\u2019ape musicale\u201d &#8211; possiede il physique du r\u00f4le, ma soprattutto possiede l&#8217;intensit\u00e0 e la finezza di un canto che trova in \u201cO, mon Fernand\u201d e nella citata \u201cFernand! Imite la cl\u00e9mence\u201d i suoi momenti pi\u00f9 alti per la misura, l&#8217;intima comprensione, il calore di un timbro vellutato che non si esibisce ma si raccoglie in un pensiero teatrale e musicale\u00bb; e ancora Gian Mario Benzing per il \u00abCorriere della Sera\u00bb commenta: \u00abDella musica di Donizetti Riccardo Frizza sa esaltare ogni curvatura naturale: crea suspense in ogni &#8220;tempo d&#8217;attacco&#8221;, vivifica l&#8217;anima drammatica delle arie pi\u00f9 accorate\u00bb.<\/p>\n<p>Un ex novizio che ha lasciato il convento per sposarsi, fa carriera nell\u2019esercito grazie alla protezione del sovrano, senza sapere che sua moglie \u00e8 stata (ed \u00e8?) la sua amante. Quando se ne rende conto, distrutto, sceglie di tornare in convento. Anche lei \u00e8 devastata, lo raggiunge e gli muore fra le braccia.\u00a0Fatterelli da giornale scandalistico? Vicende di cronaca? No. Sono i nuclei del grand-op\u00e9ra\u00a0<em>La favorite\u00a0<\/em>che oggi possiamo dire \u201cdiscende\u201d dall\u2019Ange de Nisida scoperta nel 2019 proprio al Teatri Donizetti: storie d\u2019attualit\u00e0, che ci dicono quanto il teatro del tempo \u2012 anche quello d\u2019opera, uno spettacolo tradizionalmente \u201cper famiglie\u201d \u2012 fosse capace di \u201cmordere\u201d la realt\u00e0 contemporanea, toccando anche temi scottanti. Certo, con le dovute cautele e mediazioni (la censura era sempre in agguato), ma il dato di fondo restava.<\/p>\n<p>Quando La favorite fu portata infatti nei teatri italiani, in un ambiente pi\u00f9 retrivo, venne tradotta e adattata (La favorita) lasciando tanto nel vago e nel nebuloso i rapporti reali tra i personaggi, da snaturarne completamente la vicenda, e farle perdere di senso. Anche per questo motivo il festival Donizetti Opera ha scelto l\u2019esecuzione integrale originale. \u00abAndando alla conquista di Parigi \u2013 spiega il direttore\u00a0<strong>Riccardo Frizza<\/strong>\u00a0\u2013 Donizetti fece un lavoro accurato per impadronirsi della lingua e della prosodia francesi. Di pi\u00f9: la versione dell\u2019opera tradotta in italiano fu particolarmente maltrattata dalla censura, circostanza del resto inevitabile, nell\u2019Ita-lia preunitaria, per un soggetto che mette in scena un monaco che si spreta e un Re che ha un\u2019amante. Se si legge il libretto italiano, si fa davvero fatica a capire di che cosa parli l\u2019opera, e alcuni snodi drammatici restano incomprensibili o almeno nebulosi. Aggiungo che la traduzione diventa un tradimento quando, per adattare le note a parole per le quali non erano state scritte, cambia anche la musica\u00bb.<\/p>\n","protected":false},"excerpt":{"rendered":"<p>L\u2019allestimento firmato da Valentina Carrasco \u00e8 invece a Bordeaux dove debutter\u00e0 il 4 marzo\u00a0 Il titolo inaugurale del Donizetti Opera 2022,\u00a0La favorite\u00a0sar\u00e0 trasmesso sabato 25 febbraio alle ore 20 su Rai Radio3 (disponibile in FM e anche online). Capolavoro della maturit\u00e0 donizettiana su libretto di Alphonse Royer e Gustave Va\u00ebz, La favorite vide la luce all\u2019Op\u00e9ra di Parigi nel 1840. A Bergamo \u00e8 andato in scena al\u00a0Teatro Donizetti\u00a0lo scorso 18 novembre (in replica poi il 27 novembre e il 3 dicembre), seguendo l\u2019edizione critica preparata da Rebecca Harris-Warrick (per l\u2019edizione nazionale Ricordi \/ Fondazione Teatro Donizetti \/ Comune di Bergamo) nella sua integralit\u00e0, compreso il divertissement di danze e la cabaletta del duetto fra L\u00e9onor e Alphonse, che fu eseguita alla prima parigina e tagliata dopo alcune repliche per certe espressioni considerate troppo \u201cforti\u201d all\u2019epoca. Sul podio dell\u2019Orchestra Donizetti Opera il direttore musicale del festival\u00a0Riccardo Frizza\u00a0e un cast di assoluto rilievo con il mezzosoprano\u00a0Annalisa Stroppa\u00a0(L\u00e9onor), il tenore\u00a0Javier Camarena\u00a0(Fernand), il baritono\u00a0Florian Sempey\u00a0(Alphonse XI), e ancora\u00a0Evgeny Stavinsky\u00a0(Barthazar),\u00a0Edoardo Milletti\u00a0(Don Gaspar) e\u00a0Caterina Di Tonno\u00a0(In\u00e8s),\u00a0Alessandro Barbaglia\u00a0(un signeur). Il Coro era costituito dagli elementi del\u00a0Coro Donizetti Opera\u00a0e da quelli dell\u2019Accademia Teatro alla Scala\u00a0diretti da Salvo Sgr\u00f2. L\u2019allestimento, con la regia di\u00a0Valentina Carrasco, \u00e8 una coproduzione con l\u2019Op\u00e9ra National de Bordeaux\u00a0dove si trova in queste settimane, pronto per il\u00a0debutto sabato 4 marzo. Le scene sono di Carles Berga e Peter van Praet (anche lighting designer) i costumi di Silvia Aymonino, la coreografia di Massimiliano Volpini. Il video della produzione bergamasca \u00e8 disponibile in streaming (a pagamento) su\u00a0donizetti.org\/tv\u00a0e presto sar\u00e0 pubblicata in dvd. La favorite\u00a0\u00e8 stato il titolo pi\u00f9 recensito del Donizetti Opera 2023 e ha raccolto i commenti pi\u00f9 convinti fra le quasi 90 testate accreditate: \u00abAnnalisa Stroppa \u2013 scrive Roberta Pedrotti su \u201cL\u2019ape musicale\u201d &#8211; possiede il physique du r\u00f4le, ma soprattutto possiede l&#8217;intensit\u00e0 e la finezza di un canto che trova in \u201cO, mon Fernand\u201d e nella citata \u201cFernand! Imite la cl\u00e9mence\u201d i suoi momenti pi\u00f9 alti per la misura, l&#8217;intima comprensione, il calore di un timbro vellutato che non si esibisce ma si raccoglie in un pensiero teatrale e musicale\u00bb; e ancora Gian Mario Benzing per il \u00abCorriere della Sera\u00bb commenta: \u00abDella musica di Donizetti Riccardo Frizza sa esaltare ogni curvatura naturale: crea suspense in ogni &#8220;tempo d&#8217;attacco&#8221;, vivifica l&#8217;anima drammatica delle arie pi\u00f9 accorate\u00bb. Un ex novizio che ha lasciato il convento per sposarsi, fa carriera nell\u2019esercito grazie alla protezione del sovrano, senza sapere che sua moglie \u00e8 stata (ed \u00e8?) la sua amante. Quando se ne rende conto, distrutto, sceglie di tornare in convento. Anche lei \u00e8 devastata, lo raggiunge e gli muore fra le braccia.\u00a0Fatterelli da giornale scandalistico? Vicende di cronaca? No. Sono i nuclei del grand-op\u00e9ra\u00a0La favorite\u00a0che oggi possiamo dire \u201cdiscende\u201d dall\u2019Ange de Nisida scoperta nel 2019 proprio al Teatri Donizetti: storie d\u2019attualit\u00e0, che ci dicono quanto il teatro del tempo \u2012 anche quello d\u2019opera, uno spettacolo tradizionalmente \u201cper famiglie\u201d \u2012 fosse capace di \u201cmordere\u201d la realt\u00e0 contemporanea, toccando anche temi scottanti. Certo, con le dovute cautele e mediazioni (la<\/p>\n","protected":false},"author":2,"featured_media":20367,"comment_status":"closed","ping_status":"closed","sticky":false,"template":"","format":"standard","meta":{"footnotes":""},"categories":[70],"tags":[],"post_folder":[],"class_list":["post-20366","post","type-post","status-publish","format-standard","has-post-thumbnail","hentry","category-news"],"_links":{"self":[{"href":"https:\/\/www.teatrodonizetti.it\/it\/wp-json\/wp\/v2\/posts\/20366","targetHints":{"allow":["GET"]}}],"collection":[{"href":"https:\/\/www.teatrodonizetti.it\/it\/wp-json\/wp\/v2\/posts"}],"about":[{"href":"https:\/\/www.teatrodonizetti.it\/it\/wp-json\/wp\/v2\/types\/post"}],"author":[{"embeddable":true,"href":"https:\/\/www.teatrodonizetti.it\/it\/wp-json\/wp\/v2\/users\/2"}],"replies":[{"embeddable":true,"href":"https:\/\/www.teatrodonizetti.it\/it\/wp-json\/wp\/v2\/comments?post=20366"}],"version-history":[{"count":0,"href":"https:\/\/www.teatrodonizetti.it\/it\/wp-json\/wp\/v2\/posts\/20366\/revisions"}],"wp:featuredmedia":[{"embeddable":true,"href":"https:\/\/www.teatrodonizetti.it\/it\/wp-json\/wp\/v2\/media\/20367"}],"wp:attachment":[{"href":"https:\/\/www.teatrodonizetti.it\/it\/wp-json\/wp\/v2\/media?parent=20366"}],"wp:term":[{"taxonomy":"category","embeddable":true,"href":"https:\/\/www.teatrodonizetti.it\/it\/wp-json\/wp\/v2\/categories?post=20366"},{"taxonomy":"post_tag","embeddable":true,"href":"https:\/\/www.teatrodonizetti.it\/it\/wp-json\/wp\/v2\/tags?post=20366"},{"taxonomy":"post_folder","embeddable":true,"href":"https:\/\/www.teatrodonizetti.it\/it\/wp-json\/wp\/v2\/post_folder?post=20366"}],"curies":[{"name":"wp","href":"https:\/\/api.w.org\/{rel}","templated":true}]}}