{"id":20081,"date":"2023-02-01T09:03:05","date_gmt":"2023-02-01T08:03:05","guid":{"rendered":"https:\/\/www.teatrodonizetti.it\/?p=20081"},"modified":"2023-01-26T16:06:54","modified_gmt":"2023-01-26T15:06:54","slug":"la-bottega-del-caffe-con-michele-placido-dal-7-al-12-febbraio-al-donizetti","status":"publish","type":"post","link":"https:\/\/www.teatrodonizetti.it\/it\/la-bottega-del-caffe-con-michele-placido-dal-7-al-12-febbraio-al-donizetti\/","title":{"rendered":"&#8220;La bottega del caff\u00e8&#8221; con Michele Placido dal 7 al 12 febbraio al Donizetti"},"content":{"rendered":"<p>La Stagione di Prosa della Fondazione Teatro Donizetti presenta, da marted\u00ec 7 a domenica 12 febbraio, uno dei titoli pi\u00f9 attesi in cartellone: <strong><em>La bottega del caff\u00e8<\/em><\/strong>. A interpretare il ruolo principale del celebre testo goldoniano, Don Marzio, sar\u00e0 uno degli attori pi\u00f9 versatili e carismatici del teatro, ma anche di cinema e televisione, italiano: <strong>Michele Placido<\/strong>. Al suo fianco altri nove interpreti: Luca Altavilla (<em>Trappola<\/em>), Emanuele Fortunati (<em>Eugenio<\/em>), Ester Galazzi (<em>Vittoria<\/em>), Anna Gargano (<em>Lisaura<\/em>), Armando Granato (<em>Guardia<\/em>), Vito Lopriore (<em>Pandolfo<\/em>), Francesco Migliaccio (<em>Ridolfo<\/em>), Michelangelo Placido (<em>Leandro<\/em>), Maria Grazia Plos (<em>Placida<\/em>). Firma la regia <strong>Paolo Valerio<\/strong>. Scene di Marta Crisolini Malatesta. Costumi di Stefano Nicolao. Luci di Gigi di Saccomandi. Musiche di Antonio Di Pofi. Movimenti di scena Monica Codena. Coproduzione Teatro Stabile del Friuli Venezia Giulia, Goldenart Production, Fondazione Teatro della Toscana. Durata 1 ora e 55 minuti senza intervallo.<\/p>\n<p>Orari: da marted\u00ec 7 a sabato 11 ore 20.30, domenica 12 ore 15.30. Sabato 11 \u00e8 prevista una replica straordinaria fuori abbonamento con inizio alle ore 17.00.<\/p>\n<p>Prezzi biglietti da 15 a 38 euro, ridotti da 12 a 30 euro. Biglietti ancora disponibili per tutte le repliche.<\/p>\n<p>Ne <em>La bottega del caff\u00e8<\/em> vibra lo spirito acuto e divertente di Carlo Goldoni: un maestro dello spettacolo italiano come Michele Placido regala al personaggio di Don Marzio sfumature, ambiguit\u00e0 e ironia, attorniato da una numerosa compagnia d\u2019interpreti che si muove in scena con forza espressiva e ispirazione. Un assieme importante e una commedia ricca di leggerezza e significato, per \u201ccurare l\u2019anima\u201d attraverso il teatro, l\u2019arte, l\u2019emozione condivisa.<\/p>\n<p>\u00abAccogliamo appieno e portiamo sulla scena tutta la vitalit\u00e0 e il divertimento della commedia, la comprensione che l\u2019autore mostra per l\u2019uomo \u2013 di cui ritrae con sottigliezza, le virt\u00f9 ed i lati oscuri \u2013 il suo amore viscerale per il teatro, per la scrittura, per gli attori, sulle cui potenzialit\u00e0 costruiva personaggi universali\u00bb, racconta il regista Paolo Valerio. \u00abDi questo testo meraviglioso \u00e8 protagonista un microcosmo di persone che gravitano in un campiello veneziano. Don Marzio, \u00a0nella nostra edizione \u00e8 interpretato dal bravissimo Michele Placido. Lo attorniano figure tutte importanti, ognuna ambigua e interessante: una coralit\u00e0 in cui la pi\u00e8ce trova il fulcro del suo impeccabile meccanismo, che imprime ritmi vorticosi alle interazioni fra i personaggi\u00bb.<\/p>\n<p>Continua Paolo Valerio: \u00ab\u00c8 racchiuso in Don Marzio il misterioso fascino di questo testo, spesso riletto in chiave contemporanea, che ha conquistato autori come Fassbinder, e che anche in questa nostra edizione aggancia senza fatica, senza necessit\u00e0 di sottolineature, l\u2019attualit\u00e0 delle \u201cfake news\u201d quando le chiacchiere del campiello si trasformano in accuse feroci, o un certo gusto per il voyeurismo, se si invita il pubblico a intrufolar lo sguardo all\u2019interno di camerini e abitazioni dei personaggi. Il personaggio di Don Marzio di queste curiosit\u00e0, di queste distorsioni del vero, \u00e8 il principe: seduto al caff\u00e8, osserva e intriga nelle vite degli abitanti del campiello, da cui volutamente si distacca con l\u2019uso di un linguaggio crudo, brutale, divertente ma politicamente scorretto (soprattutto nel rapporto con l\u2019universo femminile) ed autoinvestendosi di una sorta di superiorit\u00e0 (\u00e8 nobile, viene da Napoli\u2026). Una estraneit\u00e0 che pagher\u00e0 cara: lo rende alla fine \u201cil diverso\u201d, il \u201ccapro espiatorio\u201d da emarginare. Ma la sua uscita di scena rivela le ambiguit\u00e0 e i lati oscuri di ogni componente della piccola societ\u00e0 del campiello, assicurando al \u201clieto fine\u201d un sapore amaro e alla commedia una dimensione misteriosa e molto affascinante\u00bb.<\/p>\n<hr \/>\n<p><strong>BIGLETTERIA FONDAZIONE TEATRO DONIZETTI<\/strong><\/p>\n<p>Presso Teatro Donizetti<strong><br \/>\n<\/strong>Piazza Cavour, 15 &#8211; Bergamo<br \/>\nTel. 035.4160 601\/602\/603<br \/>\nDa marted\u00ec a sabato dalle 13.00 alle 20.00 (festivi esclusi)<\/p>\n","protected":false},"excerpt":{"rendered":"<p>La Stagione di Prosa della Fondazione Teatro Donizetti presenta, da marted\u00ec 7 a domenica 12 febbraio, uno dei titoli pi\u00f9 attesi in cartellone: La bottega del caff\u00e8. A interpretare il ruolo principale del celebre testo goldoniano, Don Marzio, sar\u00e0 uno degli attori pi\u00f9 versatili e carismatici del teatro, ma anche di cinema e televisione, italiano: Michele Placido. Al suo fianco altri nove interpreti: Luca Altavilla (Trappola), Emanuele Fortunati (Eugenio), Ester Galazzi (Vittoria), Anna Gargano (Lisaura), Armando Granato (Guardia), Vito Lopriore (Pandolfo), Francesco Migliaccio (Ridolfo), Michelangelo Placido (Leandro), Maria Grazia Plos (Placida). Firma la regia Paolo Valerio. Scene di Marta Crisolini Malatesta. Costumi di Stefano Nicolao. Luci di Gigi di Saccomandi. Musiche di Antonio Di Pofi. Movimenti di scena Monica Codena. Coproduzione Teatro Stabile del Friuli Venezia Giulia, Goldenart Production, Fondazione Teatro della Toscana. Durata 1 ora e 55 minuti senza intervallo. Orari: da marted\u00ec 7 a sabato 11 ore 20.30, domenica 12 ore 15.30. Sabato 11 \u00e8 prevista una replica straordinaria fuori abbonamento con inizio alle ore 17.00. Prezzi biglietti da 15 a 38 euro, ridotti da 12 a 30 euro. Biglietti ancora disponibili per tutte le repliche. Ne La bottega del caff\u00e8 vibra lo spirito acuto e divertente di Carlo Goldoni: un maestro dello spettacolo italiano come Michele Placido regala al personaggio di Don Marzio sfumature, ambiguit\u00e0 e ironia, attorniato da una numerosa compagnia d\u2019interpreti che si muove in scena con forza espressiva e ispirazione. Un assieme importante e una commedia ricca di leggerezza e significato, per \u201ccurare l\u2019anima\u201d attraverso il teatro, l\u2019arte, l\u2019emozione condivisa. \u00abAccogliamo appieno e portiamo sulla scena tutta la vitalit\u00e0 e il divertimento della commedia, la comprensione che l\u2019autore mostra per l\u2019uomo \u2013 di cui ritrae con sottigliezza, le virt\u00f9 ed i lati oscuri \u2013 il suo amore viscerale per il teatro, per la scrittura, per gli attori, sulle cui potenzialit\u00e0 costruiva personaggi universali\u00bb, racconta il regista Paolo Valerio. \u00abDi questo testo meraviglioso \u00e8 protagonista un microcosmo di persone che gravitano in un campiello veneziano. Don Marzio, \u00a0nella nostra edizione \u00e8 interpretato dal bravissimo Michele Placido. Lo attorniano figure tutte importanti, ognuna ambigua e interessante: una coralit\u00e0 in cui la pi\u00e8ce trova il fulcro del suo impeccabile meccanismo, che imprime ritmi vorticosi alle interazioni fra i personaggi\u00bb. Continua Paolo Valerio: \u00ab\u00c8 racchiuso in Don Marzio il misterioso fascino di questo testo, spesso riletto in chiave contemporanea, che ha conquistato autori come Fassbinder, e che anche in questa nostra edizione aggancia senza fatica, senza necessit\u00e0 di sottolineature, l\u2019attualit\u00e0 delle \u201cfake news\u201d quando le chiacchiere del campiello si trasformano in accuse feroci, o un certo gusto per il voyeurismo, se si invita il pubblico a intrufolar lo sguardo all\u2019interno di camerini e abitazioni dei personaggi. Il personaggio di Don Marzio di queste curiosit\u00e0, di queste distorsioni del vero, \u00e8 il principe: seduto al caff\u00e8, osserva e intriga nelle vite degli abitanti del campiello, da cui volutamente si distacca con l\u2019uso di un linguaggio crudo, brutale, divertente ma politicamente scorretto (soprattutto nel rapporto con l\u2019universo femminile) ed autoinvestendosi<\/p>\n","protected":false},"author":2,"featured_media":15579,"comment_status":"closed","ping_status":"closed","sticky":false,"template":"","format":"standard","meta":{"footnotes":""},"categories":[70],"tags":[],"post_folder":[],"class_list":["post-20081","post","type-post","status-publish","format-standard","has-post-thumbnail","hentry","category-news"],"_links":{"self":[{"href":"https:\/\/www.teatrodonizetti.it\/it\/wp-json\/wp\/v2\/posts\/20081","targetHints":{"allow":["GET"]}}],"collection":[{"href":"https:\/\/www.teatrodonizetti.it\/it\/wp-json\/wp\/v2\/posts"}],"about":[{"href":"https:\/\/www.teatrodonizetti.it\/it\/wp-json\/wp\/v2\/types\/post"}],"author":[{"embeddable":true,"href":"https:\/\/www.teatrodonizetti.it\/it\/wp-json\/wp\/v2\/users\/2"}],"replies":[{"embeddable":true,"href":"https:\/\/www.teatrodonizetti.it\/it\/wp-json\/wp\/v2\/comments?post=20081"}],"version-history":[{"count":0,"href":"https:\/\/www.teatrodonizetti.it\/it\/wp-json\/wp\/v2\/posts\/20081\/revisions"}],"wp:featuredmedia":[{"embeddable":true,"href":"https:\/\/www.teatrodonizetti.it\/it\/wp-json\/wp\/v2\/media\/15579"}],"wp:attachment":[{"href":"https:\/\/www.teatrodonizetti.it\/it\/wp-json\/wp\/v2\/media?parent=20081"}],"wp:term":[{"taxonomy":"category","embeddable":true,"href":"https:\/\/www.teatrodonizetti.it\/it\/wp-json\/wp\/v2\/categories?post=20081"},{"taxonomy":"post_tag","embeddable":true,"href":"https:\/\/www.teatrodonizetti.it\/it\/wp-json\/wp\/v2\/tags?post=20081"},{"taxonomy":"post_folder","embeddable":true,"href":"https:\/\/www.teatrodonizetti.it\/it\/wp-json\/wp\/v2\/post_folder?post=20081"}],"curies":[{"name":"wp","href":"https:\/\/api.w.org\/{rel}","templated":true}]}}