{"id":19727,"date":"2022-12-21T12:26:45","date_gmt":"2022-12-21T11:26:45","guid":{"rendered":"https:\/\/www.teatrodonizetti.it\/?p=19727"},"modified":"2022-12-21T12:27:13","modified_gmt":"2022-12-21T11:27:13","slug":"un-addio-al-vecchio-anno-e-un-saluto-di-benvenuto-al-2023-con-lavvio-della-stagione-di-operetta-e-il-concerto-di-capodanno-al-teatro-sociale","status":"publish","type":"post","link":"https:\/\/www.teatrodonizetti.it\/it\/un-addio-al-vecchio-anno-e-un-saluto-di-benvenuto-al-2023-con-lavvio-della-stagione-di-operetta-e-il-concerto-di-capodanno-al-teatro-sociale\/","title":{"rendered":"Un addio al vecchio anno e un saluto di benvenuto al 2023 con l\u2019avvio della Stagione di Operetta e il Concerto di Capodanno al Teatro Sociale"},"content":{"rendered":"<p>La Stagione dei Teatri della Fondazione Teatro Donizetti si appresta a salutare il vecchio anno e a dare il benvenuto al nuovo: sabato 31 dicembre (ore 20.00, con replica il pomeriggio del giorno dopo, alle ore 17) andr\u00e0 in scena al Teatro Donizetti il primo titolo della Stagione di Operetta, <strong><em>La Principessa della Czarda<\/em><\/strong>, nell\u2019allestimento della compagnia <strong>Teatro Musica Novecento<\/strong>, mentre la mattina di domenica 1\u00b0 gennaio al Teatro Sociale (ore 11.00) si festegger\u00e0 l\u2019arrivo del 2023 con il Concerto di Capodanno, nel corso del quale l\u2019<strong>Orchestra Filarmonica \u00a0Italiana<\/strong> proporr\u00e0 brani tipici della ricorrenza. Prezzi biglietti: Operetta 31 dicembre da 28 a 74 euro; Operetta 1\u00b0 gennaio da 15 a 38 euro, ridotti da 12 a 30 euro; Concerto di Capodanno posto unico 20 euro, ridotto 10 euro.<\/p>\n<p>Operetta in due atti di Emmerich K\u00e1lm\u00e1n su libretto di B\u00e9la Jenbach e Leo Stein, <em>La Principessa della Czarda <\/em>venne rappresentata la prima volta al Teatro Johann Strauss di Vienna il 13 novembre 1915, proprio nei giorni dell\u2019assassinio di Sarajevo e dello scoppio della Prima Guerra Mondiale: fu subito accolta da un grande successo che si sarebbe ripetuto fino ai giorni nostri. Il libretto si rif\u00e0 alla tipica atmosfera del crepuscolo dell\u2019Impero Asburgico, ispirandosi alle pi\u00f9 frequenti conversazioni da salotto e all\u2019argomento pi\u00f9 popolare in quell\u2019epoca, quello dei matrimoni impossibili tra rampolli dell\u2019aristocrazia viennese e belle e affascinanti primedonne del variet\u00e0.<\/p>\n<p>La trama ruota attorno all\u2019osteggiata storia d\u2019amore tra il giovane principe di Lyppert-Weylersheim, Edvino, e Sylva, diva del momento. Purtroppo, il loro romanzo d\u2019amore \u00e8 destinato a durare poco. Infatti, padre di Edvino, venuto a conoscenza della cosa, ha fatto ingaggiare Sylva per una tourn\u00e9e in America e ha preparato per il figlio un fidanzamento ufficiale con la contessina Stasi. Ma Sylva ed Edvino si amano profondamente e, prima di lasciarsi, il principe stipula un contratto di nozze col quale promette di sposarla entro otto settimane.<\/p>\n<p>Al Teatro Donizetti <em>La Principessa della Czarda<\/em> sar\u00e0 rappresentata da Teatro Musica Novecento con la regia di Alessandro Brachetti e musiche eseguite da vivo dall\u2019orchestra \u201cCantieri d\u2019Arte\u201d diretta da Stefano Giaroli. Scene e costumi di Artemio Cabassi realizzati da ArteScenica di Reggio Emilia. Corpo di ballo Novecento con le coreografie di Salvatore Loritto. Interpreti: Silvia Spruzzola (Sylva), Antonio Colamorea (Principe Edvino), Alessandro Brachetti (Conte Bon), Silvia Felisetti (Contessina Stasi), Fulvio Massa (Feri), Francesco Mei (Generale Rushdorf), Marco Falsetti (Principe Leonardo Maria). Durata 1 ora e 40 minuti compreso intervallo.<\/p>\n<p>Il Concerto del Primo gennaio 2023 al Teatro Sociale dell\u2019Orchestra Filarmonica Italiana diretta da Andrea Oddone sar\u00e0 dedicato, come da tradizione, al mondo austro-ungarico, con uno spazio rivolto ai grandi compositori del melodramma italiano. La prima parte del programma sar\u00e0 un omaggio strumentale alla terra della lirica: l\u2019Italia, di cui Bergamo \u00e8 uno dei centri pi\u00f9 significativi. Da Rossini a Mascagni, da Donizetti a Verdi: questi gli autori che accompagneranno il pubblico in un viaggio tutto italiano prima dell\u2019immersione nelle atmosfere dei caff\u00e8-concerto viennesi. A seguire, infatti, l\u2019Orchestra suoner\u00e0 la tradizionale sequenza di Valzer e Polke, portando immediatamente il pubblico nella frizzante atmosfera che solo l\u2019ultimo ed il primo giorno dell\u2019anno possono infondere. L\u2019Orchestra Filarmonica Italiana potr\u00e0 quindi esprimersi non solo nel consolidato repertorio lirico che la accompagna fin dalla sua nascita nei pi\u00f9 importanti teatri italiani, ma potr\u00e0 anche fare sfoggio di espressivit\u00e0 e virtuosismo, indispensabili per affrontare le coinvolgenti partiture di Johann Strauss. Un concerto che rappresenta alla perfezione la gioia e la voglia di condividere la musica dal vivo insieme come grande messaggio di esistenza, resilienza e speranza.<\/p>\n<p>Dopo gli appuntamenti di fine e inizio anno nuovo con <em>La Principessa della Czarda<\/em>, la Stagione di Operetta, da sempre coronata da un costante successo di pubblico e per questo da tempo inserita nella programmazione del Teatro Donizetti, proporr\u00e0 altri due titoli. Domenica 19 febbraio (ore 15.30) andr\u00e0 in scena <strong><em>Il paese dei campanelli<\/em><\/strong>, l\u2019operetta italiana pi\u00f9 famosa al mondo che proprio nel 2023 compie cento anni, che verr\u00e0 rappresentata dalla <strong>Compagnia Corrado Abbati<\/strong>. Infine, domenica 19 marzo (sempre alle 15.30), sar\u00e0 la volta de <strong><em>L\u2019acqua Cheta<\/em><\/strong>, spettacolo vicino alla commedia musicale, con temi molto noti al grande pubblico, su tutti \u201cCom\u2019\u00e8 bello guidare i cavalli\u201d. Anche questo allestimento si deve a <strong>Teatro Musica Novecento<\/strong>.<\/p>\n<hr \/>\n<p><strong><u>BIGLIETTERIA<br \/>\n<\/u><\/strong>Presso <strong>Teatro Donizetti<br \/>\n<\/strong>Piazza Cavour, 15 &#8211; Bergamo<br \/>\nTel. 035.4160 601\/602\/603<br \/>\n<u>Apertura al pubblico<\/u>:<br \/>\nDa marted\u00ec a sabato dalle 13.00 alle 20.00 (festivi esclusi)<br \/>\nDomenica solo nelle date di spettacolo, un\u2019ora e mezza prima dell\u2019inizio<\/p>\n<p>Presso <strong>Teatro Sociale<br \/>\n<\/strong>Via Colleoni, 4 &#8211; Bergamo Alta<br \/>\nTel. 035.216660<br \/>\n<u>Apertura al pubblico<\/u>: solo nei giorni di spettacolo un\u2019ora e mezza prima dell\u2019inizio<\/p>\n<p>&nbsp;<\/p>\n","protected":false},"excerpt":{"rendered":"<p>La Stagione dei Teatri della Fondazione Teatro Donizetti si appresta a salutare il vecchio anno e a dare il benvenuto al nuovo: sabato 31 dicembre (ore 20.00, con replica il pomeriggio del giorno dopo, alle ore 17) andr\u00e0 in scena al Teatro Donizetti il primo titolo della Stagione di Operetta, La Principessa della Czarda, nell\u2019allestimento della compagnia Teatro Musica Novecento, mentre la mattina di domenica 1\u00b0 gennaio al Teatro Sociale (ore 11.00) si festegger\u00e0 l\u2019arrivo del 2023 con il Concerto di Capodanno, nel corso del quale l\u2019Orchestra Filarmonica \u00a0Italiana proporr\u00e0 brani tipici della ricorrenza. Prezzi biglietti: Operetta 31 dicembre da 28 a 74 euro; Operetta 1\u00b0 gennaio da 15 a 38 euro, ridotti da 12 a 30 euro; Concerto di Capodanno posto unico 20 euro, ridotto 10 euro. Operetta in due atti di Emmerich K\u00e1lm\u00e1n su libretto di B\u00e9la Jenbach e Leo Stein, La Principessa della Czarda venne rappresentata la prima volta al Teatro Johann Strauss di Vienna il 13 novembre 1915, proprio nei giorni dell\u2019assassinio di Sarajevo e dello scoppio della Prima Guerra Mondiale: fu subito accolta da un grande successo che si sarebbe ripetuto fino ai giorni nostri. Il libretto si rif\u00e0 alla tipica atmosfera del crepuscolo dell\u2019Impero Asburgico, ispirandosi alle pi\u00f9 frequenti conversazioni da salotto e all\u2019argomento pi\u00f9 popolare in quell\u2019epoca, quello dei matrimoni impossibili tra rampolli dell\u2019aristocrazia viennese e belle e affascinanti primedonne del variet\u00e0. La trama ruota attorno all\u2019osteggiata storia d\u2019amore tra il giovane principe di Lyppert-Weylersheim, Edvino, e Sylva, diva del momento. Purtroppo, il loro romanzo d\u2019amore \u00e8 destinato a durare poco. Infatti, padre di Edvino, venuto a conoscenza della cosa, ha fatto ingaggiare Sylva per una tourn\u00e9e in America e ha preparato per il figlio un fidanzamento ufficiale con la contessina Stasi. Ma Sylva ed Edvino si amano profondamente e, prima di lasciarsi, il principe stipula un contratto di nozze col quale promette di sposarla entro otto settimane. Al Teatro Donizetti La Principessa della Czarda sar\u00e0 rappresentata da Teatro Musica Novecento con la regia di Alessandro Brachetti e musiche eseguite da vivo dall\u2019orchestra \u201cCantieri d\u2019Arte\u201d diretta da Stefano Giaroli. Scene e costumi di Artemio Cabassi realizzati da ArteScenica di Reggio Emilia. Corpo di ballo Novecento con le coreografie di Salvatore Loritto. Interpreti: Silvia Spruzzola (Sylva), Antonio Colamorea (Principe Edvino), Alessandro Brachetti (Conte Bon), Silvia Felisetti (Contessina Stasi), Fulvio Massa (Feri), Francesco Mei (Generale Rushdorf), Marco Falsetti (Principe Leonardo Maria). Durata 1 ora e 40 minuti compreso intervallo. Il Concerto del Primo gennaio 2023 al Teatro Sociale dell\u2019Orchestra Filarmonica Italiana diretta da Andrea Oddone sar\u00e0 dedicato, come da tradizione, al mondo austro-ungarico, con uno spazio rivolto ai grandi compositori del melodramma italiano. La prima parte del programma sar\u00e0 un omaggio strumentale alla terra della lirica: l\u2019Italia, di cui Bergamo \u00e8 uno dei centri pi\u00f9 significativi. Da Rossini a Mascagni, da Donizetti a Verdi: questi gli autori che accompagneranno il pubblico in un viaggio tutto italiano prima dell\u2019immersione nelle atmosfere dei caff\u00e8-concerto viennesi. A seguire, infatti, l\u2019Orchestra suoner\u00e0 la tradizionale sequenza di Valzer e Polke,<\/p>\n","protected":false},"author":2,"featured_media":18018,"comment_status":"closed","ping_status":"closed","sticky":false,"template":"","format":"standard","meta":{"footnotes":""},"categories":[70],"tags":[],"post_folder":[],"class_list":["post-19727","post","type-post","status-publish","format-standard","has-post-thumbnail","hentry","category-news"],"_links":{"self":[{"href":"https:\/\/www.teatrodonizetti.it\/it\/wp-json\/wp\/v2\/posts\/19727","targetHints":{"allow":["GET"]}}],"collection":[{"href":"https:\/\/www.teatrodonizetti.it\/it\/wp-json\/wp\/v2\/posts"}],"about":[{"href":"https:\/\/www.teatrodonizetti.it\/it\/wp-json\/wp\/v2\/types\/post"}],"author":[{"embeddable":true,"href":"https:\/\/www.teatrodonizetti.it\/it\/wp-json\/wp\/v2\/users\/2"}],"replies":[{"embeddable":true,"href":"https:\/\/www.teatrodonizetti.it\/it\/wp-json\/wp\/v2\/comments?post=19727"}],"version-history":[{"count":0,"href":"https:\/\/www.teatrodonizetti.it\/it\/wp-json\/wp\/v2\/posts\/19727\/revisions"}],"wp:featuredmedia":[{"embeddable":true,"href":"https:\/\/www.teatrodonizetti.it\/it\/wp-json\/wp\/v2\/media\/18018"}],"wp:attachment":[{"href":"https:\/\/www.teatrodonizetti.it\/it\/wp-json\/wp\/v2\/media?parent=19727"}],"wp:term":[{"taxonomy":"category","embeddable":true,"href":"https:\/\/www.teatrodonizetti.it\/it\/wp-json\/wp\/v2\/categories?post=19727"},{"taxonomy":"post_tag","embeddable":true,"href":"https:\/\/www.teatrodonizetti.it\/it\/wp-json\/wp\/v2\/tags?post=19727"},{"taxonomy":"post_folder","embeddable":true,"href":"https:\/\/www.teatrodonizetti.it\/it\/wp-json\/wp\/v2\/post_folder?post=19727"}],"curies":[{"name":"wp","href":"https:\/\/api.w.org\/{rel}","templated":true}]}}