{"id":19522,"date":"2022-12-18T12:46:49","date_gmt":"2022-12-18T11:46:49","guid":{"rendered":"https:\/\/www.teatrodonizetti.it\/?p=19522"},"modified":"2022-12-18T12:44:47","modified_gmt":"2022-12-18T11:44:47","slug":"bergamo-jazz-2023-la-44a-edizione-dal-19-al-26-marzo-2023","status":"publish","type":"post","link":"https:\/\/www.teatrodonizetti.it\/it\/bergamo-jazz-2023-la-44a-edizione-dal-19-al-26-marzo-2023\/","title":{"rendered":"BERGAMO JAZZ 2023: la 44a edizione dal 19 al 26 marzo 2023"},"content":{"rendered":"<p>La <strong>Fondazione Teatro Donizetti<\/strong>, con il <strong>Comune di Bergamo<\/strong>, presenta la <strong>44<sup>a<\/sup> edizione <\/strong>di <strong>Bergamo Jazz Festival<\/strong>: un\u2019edizione, organizzata in collaborazione con numerosi partner istituzionali e privati, che si svolger\u00e0 dal 19 al 26 marzo prossimi, nel quadro degli eventi di \u201cBergamo Brescia Capitale Italiana della Cultura 2023\u201d.<\/p>\n<p>Sar\u00e0 come sempre un Festival \u2013 che ora \u00e8 inserito nelle graduatorie riservate alla musica jazz del FUS-Fondo Unico dello Spettacolo \u2013 ricco di artisti internazionali, ospiti del Teatro Donizetti, con le tre consuete serate in abbonamento (dal 24 al 26 marzo), del Teatro Sociale e di altri luoghi della Citt\u00e0, musei, chiese, locali che si trasformano in accoglienti jazz club. Ampio rilievo sar\u00e0 dato al jazz nazionale, tra musicisti ampiamente affermati e giovani talenti, alla didattica e all\u2019incontro con altre arti.<\/p>\n<p>Sar\u00e0 soprattutto un\u2019occasione per immergersi in quel variegato, vitale mondo sonoro che si chiama jazz, partendo da alcune riflessioni programmatiche, come osserva <strong>Maria Pia De Vito<\/strong>, Direttrice Artistica di Bergamo Jazz 2023: \u00abLa Musica tutta pu\u00f2 essere definita come \u201cla scienza dell\u2019organizzazione dei suoni\u201d. E, in misura pi\u00f9 o meno organizzata, crea uno spazio\/tempo i cui ritmi ci portano in una dimensione diversa da quella quotidiana. In un altrove pi\u00f9 grande di noi, qualcosa di collettivo in cui ci riconosciamo, o un luogo che ci pare pi\u00f9 alto e spazioso, spirituale o dal richiamo ancestrale. \u00c8 questo che ci fa desiderare di riascoltare, riprodurre un brano sinfonico, un\u2019aria d\u2019opera, una grande canzone. Ma quando parliamo di jazz, sia esso pi\u00f9 vicino alla tradizione che alle forme pi\u00f9 aperte ed improvvisate, parliamo di una musica che \u00e8 un\u2019esperienza ogni volta trasformativa. Si \u00e8 quindi all\u2019ascolto di un movimento sonoro che permette di essere guidati dalle profondit\u00e0 ancestrali del proprio subconscio\u00bb.<\/p>\n<p>\u00abIl jazz \u00e8, a mio avviso, una forma d\u2019arte profondamente spirituale, vicina alla meditazione, e d\u2019altro canto laica e democratica, cerebrale o dionisiaca, in ogni caso disposta al rischio. Il programma del festival Bergamo Jazz 2023 presenter\u00e0 concerti in cui il testamento e l\u2019agire spirituale di grandi maestri in alcuni progetti \u00e8 esplicito. In altri, pu\u00f2 essere sottotraccia, non dichiarato a parole, ma sempre e comunque presente nei suoni e nei gesti\u00bb, conclude la cantante e compositrice.<\/p>\n<p>Bergamo Jazz 2023 \u00e8 realizzato grazie al sostegno di <strong>MIC \u2013 Ministero Italiano della Cultura<\/strong>, <strong>Regione Lombardia<\/strong>, <strong>Allianz<\/strong>, <em>Main Partner<\/em> della Fondazione Teatro Donizetti, <strong>Camera di Commercio di Bergamo<\/strong>, <strong>UniAcque<\/strong>, <strong>Intesa Sanpaolo<\/strong>, <em>Special Partner<\/em> della sezione \u201cScintille di Jazz\u201d, <strong>Studio Avvocato Vincenzo Coppola<\/strong>, <strong>Fondazione Cariplo<\/strong>, <strong>KPMG<\/strong>, <strong>Polo Tematico Avantgarde<\/strong>, <strong>Rea Dalmine<\/strong>, <strong>Habilita<\/strong>, <strong>Claypaky<\/strong> e <strong>ATB<\/strong>.<\/p>\n<p>&nbsp;<\/p>\n<p><strong>Jazz al Donizetti<\/strong><\/p>\n<p>Il Teatro Donizetti \u00e8 l\u2019immancabile principale \u201ccasa\u201d di Bergamo Jazz, con le sue tre serate in abbonamento amatissime dai bergamaschi ma anche da chi proviene da ogni parte d\u2019Italia e da oltre confine.<\/p>\n<p>Dal 24 al 26 marzo (ore 20.30, nuovo orario) si alterneranno sul suo prestigioso palcoscenico nomi importanti del jazz delle due sponde dell\u2019oceano, cominciando la sera di venerd\u00ec 24 con l\u2019incontro al vertice tra due forti personalit\u00e0 del jazz italiano: <strong>Paolo Fresu<\/strong> e <strong>Rita Marcotulli<\/strong>. Il trombettista sardo, che \u00e8 stato Direttore Artistico di Bergamo Jazz dal 2009 al 2011, e la pianista romana, alla sua prima apparizione sul palco del Donizetti, tesseranno un dialogo fatto di lirismo poetico, di melodie avvolgenti, eterne. Un duo che ha tutte le carte in regola per affascinare e conquistare, cos\u00ec come sicuramente far\u00e0 la voce della statunitense <strong>C\u00e9cile McLorin Salvant<\/strong>, nuova stella del canto jazz, premiatissima dalla critica americana e gi\u00e0 vincitrice di ben tre Grammy Awards. Un\u2019interprete raffinata che, come avviene nel suo recente album <em>Ghost Song<\/em>, \u00e8 capace di appropriarsi con gusto di autori di disparata provenienza come Kate Bush, Kurt Weill, Gregory Porter e Sting.<\/p>\n<p>In apertura della serata di sabato 25, si ascolter\u00e0, quindi, il gruppo della sassofonista <strong>Lakecia Benjamin<\/strong>, uno dei nomi nuovi del jazz di matrice afroamericana, tra i pi\u00f9 talentuosi, che presenter\u00e0 il suo nuovissimo album <em>Phoenix<\/em>.<\/p>\n<p>A seguire, il progetto <em>Turiya: Honoring Alice Coltrane<\/em> dedicato da <strong>Hamid Drake<\/strong> a una delle figure simbolo dello <em>spiritual jazz<\/em> e delle musiche senza confini. Il batterista di Chicago, gi\u00e0 pi\u00f9 volte apprezzato nelle vesti di sideman dal pubblico di Bergamo Jazz, sar\u00e0 alla guida di un autentico supergruppo che, in esclusiva per il Festival, si avvarr\u00e0 della presenza del carismatico sassofonista britannico <strong>Shabaka Hutchings<\/strong>. Di primissimo ordine anche il resto del cast, con l\u2019alchimista elettronico scandinavo <strong>Jan Bang<\/strong>, gli americani <strong>Jamie Saft<\/strong> e <strong>Joshua Abrams<\/strong>, rispettivamente a tastiere e contrabbasso, il vibrafonista <strong>Pasquale Mirra<\/strong> e la danzatrice <strong>Ngoho Ange<\/strong>.<\/p>\n<p>Protagonisti della terza serata al Donizetti saranno, con i rispettivi trii, il fisarmonicista francese <strong>Richard Galliano<\/strong> e il bassista <strong>Richard Bona<\/strong>. Il primo, che torner\u00e0 a Bergamo a distanza di 13 anni dal suo precedente concerto, offrir\u00e0 all\u2019ascolto, dall\u2019alto del proprio magistero strumentale, brani di Astor Piazzolla e di propria composizione, mentre il prodigioso musicista camerunense porr\u00e0 il sigillo finale al Festival con il suo vibrante mix di jazz, sonorit\u00e0 africane e caraibiche.<\/p>\n<p>&nbsp;<\/p>\n<p><strong>Jazz al Sociale<\/strong><\/p>\n<p>Due gli appuntamenti al Teatro Sociale di Citt\u00e0 Alta, il primo dei quali, la sera di gioved\u00ec 23 marzo (sempre ore 20.30), vedr\u00e0 di scena dapprima il trio <strong>MiXMONK<\/strong>, costituito da <strong>Joey Baron<\/strong>, uno dei pi\u00f9 versatili batteristi del jazz contemporaneo, il sassofonista belga <strong>Robin Verheyen<\/strong> e il pianista connazionale <strong>Bram De Looze<\/strong>. Un trio che, partito da un esplicito omaggio a Thelonious Monk, poggia su una cifra espressiva personale in cui lo spirito del grande pianista e compositore affiora qua e l\u00e0.<\/p>\n<p>Evento speciale della serata sar\u00e0 quindi il debutto della <strong>Panorchestra<\/strong>, ensemble inserito nel progetto \u201cLa citt\u00e0 del jazz\u201d che vede fianco a fianco Fondazione Teatro Donizetti, con Bergamo Jazz, e Fondazione Teatro Grande di Brescia per \u201cBergamo Brescia Capitale italiana della Cultura 2023\u201d.<\/p>\n<p>Nata dall\u2019dea del sassofonista <strong>Tino Tracanna<\/strong>, la Panorchestra schiera alcuni dei migliori solisti di varia generazione dell\u2019asse Milano-Bergamo-Brescia: i sassofonisti Massimiliano Milesi e Gianluca Zanello, il clarinettista Federico Calcagno, il trombettista Paolo Malacarne, il trombonista Andrea Andreoli, il contrabbassista Giulio Corini e il batterista Filippo Sala. All\u2019organico di base si aggiungeranno nell\u2019occasione il tastierista <strong>Alfonso Santimone<\/strong>, anche nelle vesti di compositore e arrangiatore, e in qualit\u00e0 di <em>special guest<\/em> il trombettista americano <strong>Jonathan Finlayson<\/strong>, solista apprezzato, oltre che per la sua attivit\u00e0 di leader, per una lunga serie di collaborazioni.<\/p>\n<p>Al Sociale si terr\u00e0 anche uno degli eventi pomeridiani di domenica 26 marzo: il concerto del trio formato dal violoncellista olandese <strong>Ernst Reijseger<\/strong>, gi\u00e0 componente del Clusone Trio e di altre significative formazioni europee, il pianista <strong>Harmen Fraanje<\/strong> e il vocalist e polistrumentista senegalese <strong>Mola Sylla<\/strong>. Un trio che promette una musica dalle molteplici inflessioni linguistiche, anche cameristiche, condita con un pizzico di ironia.<\/p>\n<p>&nbsp;<\/p>\n<p><strong>Jazz in Citt\u00e0 <\/strong><\/p>\n<p>Da anni ormai i mille suoni di Bergamo Jazz si diffondono in diversi spazi della citt\u00e0, inclusi piccoli teatri che grazie al Festival attirano nuovi visitatori e spettatori. Uno di questo \u00e8 il Teatro Sant\u2019Andrea, gioiellino posto sotto l\u2019omonima Chiesa di via Porta Dipinta, in Citt\u00e0 Alta. Qui si esibiranno due pianisti, tra i pi\u00f9 interessanti emersi negli ultimi decenni: il brasiliano <strong>Amaro Freitas<\/strong> (gioved\u00ec 23 alle ore 17.00) e lo svizzero <strong>Nik B\u00e4rtsch<\/strong> (sabato 25 alle ore 11.00), ambedue impegnati in una ricerca sonora che, con modalit\u00e0 espressive differenti, si addentra in terreni musicali avventurosi. Ancora in tema di <em>piano solo<\/em>, domenica 26 in Sala Piatti (ore 15.00), si potr\u00e0 ascoltare l\u2019inglese <strong>Django Bates<\/strong>, il cui vulcanico talento impregner\u00e0 immancabilmente la tastiera e le corde del suo strumento. Sempre il 26, ma la mattina alle 11.00, nella Chiesa di San Salvatore, nuova location del Festival incastonata in uno degli angoli pi\u00f9 belli di Citt\u00e0 Alta, lo statunitense <strong>Dan Kinzelman<\/strong> soffier\u00e0 nel proprio sax mettendo a dura prova la propria resistenza fisica, interagendo con una cornice ambientale cos\u00ec preziosa.<\/p>\n<p>Due i concerti previsti all\u2019Auditorium di Piazza della Libert\u00e0, entrambi alle ore 17.00: venerd\u00ec 24 marzo con il cantante fiammingo <strong>David Linx<\/strong> e il pianista di origine sudamericana <strong>Leonardo Montana<\/strong>, per un set a mezza strada tra l\u2019eleganza del <em>mainstream<\/em> e una felice vena autoriale; sabato 25 con il trio <strong>Oliphantre<\/strong>, ovvero il chitarrista Francesco Diodati, la vocalist francese Le\u00efla Martial e il batterista Stefano Tamborrino, artefici di un sound esplosivo che mescola jazz, elettronica, hip hop, sferzanti linee rock e punk, ipnotici groove e melodici lirismi.<\/p>\n<p>Bergamo Jazz 2023 render\u00e0 poi omaggio al fotografo <strong>Roberto Masotti<\/strong>, scomparso nell\u2019aprile 2022: a ricordare il suo legame con il jazz e con il Festival, anche mediante la proiezione di immagini divenute iconiche, saranno il giornalista Carlo Maria Cella e il musicologo Franco Masotti, fratello di Roberto (sabato 25 alle ore 15.00, Sala della Musica \u201cM. Tremaglia\u201d del Teatro Donizetti).<\/p>\n<p>&nbsp;<\/p>\n<p><strong>Scintille di Jazz<\/strong><\/p>\n<p>Alla sua sesta edizione, la sezione \u201cScintille di Jazz\u201d si conferma piccolo Festival nel grande Festival. Curato da Tino Tracanna e dallo scorso anno sostenuto da Intesa Sanpaolo quale <em>Special Partner<\/em>, questo palcoscenico destinato a valorizzare i talenti emergenti avr\u00e0 come apripista il singolare trio <strong>Dear Uncle Lennie<\/strong>, con l\u2019elvetico Camille-Alban Spreng al piano elettrico, Federico Giongrandi al banjo e il francese Benjamin Sauzereau alla chitarra (gioved\u00ec 23, Circolino di Citt\u00e0 Alta, ore 18.30). Tre i concerti collocati nel nuovissimo Balzer Globe di Piazza Dante, con: il trio <strong>Hack Out!<\/strong>, Manuel Caliumi al sax alto, Luca Zennaro alla chitarra e Riccardo Cocetti alla batteria (venerd\u00ec 24, alle ore 18.30); il quintetto <strong>Thinking Sketches<\/strong> del chitarrista bergamasco Alberto Zanini (sempre il 24 ma alle ore 22.30); il gruppo<strong> The Gonghers<\/strong> del vibrafonista Michele Sannelli (sabato 25 alle ore 22.30).<\/p>\n<p>A Daste, sabato 25 alle ore 18.30, Bergamo Jazz 2023 terr\u00e0 invece a battesimo un\u2019inedita formazione denominata <strong>ONJGT Synthesis<\/strong> ed estrapolata dall\u2019Orchestra Nazionale Jazz Giovani Talenti diretta dal bassista e compositore <strong>Paolo Damiani<\/strong>. Ne faranno parte, tra gli altri, alcune musiciste ormai ben affermate e non solo a livello nazionale, quali la cantante Camilla Battaglia, la violinista Anais Drago, la contrabbassista Federica Michisanti e la batterista bergamasca Francesca Remigi, tutte gi\u00e0 ospiti di passate edizioni del Festival.<\/p>\n<p>&nbsp;<\/p>\n<p><strong>Around Bergamo Jazz: passaggio di testimone con BFM e anteprima all\u2019Accademia Carrara<\/strong><\/p>\n<p>Bergamo Jazz \u00e8 per sua vocazione anche momento di incontro tra musica e altri linguaggi espressivi, in particolare le arti della visione.<\/p>\n<p>Torna il significativo passaggio di testimone tra Bergamo Film Meeting e Bergamo Jazz, interrotto a causa delle conseguenze della pandemia. Due gli appuntamenti in scaletta nel pomeriggio di domenica 19 marzo all\u2019Auditorium di Piazza della Libert\u00e0. Alle ore 15.15 con la proiezione di <em>Les F\u00e9lins<\/em> (<em>Crisantemi per un delitto<\/em>) di Ren\u00e9 Cl\u00e9ment: atmosfere noir, suspense e un gruppo di attori impeccabili (tra cui Jane Fonda) per una pellicola del 1964 che si avvale delle musiche di Lalo Schifrin, compositore, arrangiatore e pianista argentino che ha frequentato anche il mondo del jazz (con Dizzy Gillespie, Bob Brookmeyer e altri).<\/p>\n<p>Alle ore 17.30 con la sonorizzazione da parte del pianista <strong>Simone Graziano<\/strong>, uno dei nomi pi\u00f9 in vista e musicalmente stimolanti dell\u2019attuale panorama jazzistico italiano, de <em>L\u2019inferno<\/em> (1911), adattamento della Prima Cantica della Divina Commedia, uno dei capolavori del\u00a0cinema muto restituito nel 2016 alla sua edizione originale\u00a0da un lungo lavoro di restauro curato dalla Cineteca di Bologna.<\/p>\n<p>Mercoled\u00ec 22 (ore 18.30) i capolavori pittorici dell\u2019Accademia Carrara faranno da sfondo alla performance del duo della vocalist <strong>Camilla Battaglia<\/strong> e della bassista <strong>Rosa Brunello<\/strong>: canzoni fuori da schemi preordinati con largo spazio per l\u2019improvvisazione e anche per l\u2019elettronica.<\/p>\n<p>&nbsp;<\/p>\n<p><strong>Incontriamo il jazz <\/strong><\/p>\n<p>Per la didattica, anche nel 2023 Bergamo Jazz, come consolidata tradizione, ospiter\u00e0 all\u2019Auditorium di Piazza della Libert\u00e0 (con doppio turno alle ore 9.30 e alle ore 11.00) gli incontri a cura di CDpM Europe rivolti agli allievi delle scuole primarie e secondarie. Ai primi sar\u00e0 specificatamente dedicato l\u2019incontro di mercoled\u00ec 22, incentrato sulla figura di Duke Ellington, grazie alla cui opera saranno esaminate alcune caratteristiche e procedure del jazz, come il rapporto tra composizione e improvvisazione, lo swing, la vocalit\u00e0, il blues. Alcuni capolavori ellingtoniani saranno eseguiti da Emilio Soana (tromba), Claudio Angeleri (pianoforte), Gabriele Comeglio (sax alto e soprano), Marco Esposito (basso) e da Matteo Milesi (batteria). La voce solista di Paola Milzani sar\u00e0 affiancata dal coro gospel dell\u2019Istituto comprensivo Santa Lucia di Bergamo, a conclusione di un laboratorio sulla vocalit\u00e0 tenuto dai docenti del CDpM nella stessa scuola.<\/p>\n<p>I successivi incontri, da gioved\u00ec 23 a sabato 25, avranno come filo conduttore un viaggio tra musica, arte, architettura, letteratura, scienza e storia nel solco di alcune figure eccellenti che hanno fatto conoscere Bergamo e Brescia in tutto il mondo, da Caravaggio a Torquato Tasso, da Niccol\u00f2 Tartaglia a Pietro Antonio Locatelli e Luca Marenzio, da Papa Giovanni XXIII a Papa Paolo VI. Durante questi incontri verranno proposti brani e arrangiamenti scritti da<strong> Gianluigi Trovesi<\/strong> e <strong>Claudio Angeleri<\/strong> nell\u2019ambito del laboratorio di ricerca sull\u2019improvvisazione del CDpM e interpretati insieme ad alcuni giovani musicisti del territorio bergamasco.<\/p>\n<p>&nbsp;<\/p>\n<p><strong>Itinerario nell\u2019acqua<\/strong><\/p>\n<p>\u201cItinerario nell\u2019acqua\u201d \u00e8 l\u2019iniziativa di Bergamo Jazz realizzata in collaborazione con UniAcque, societ\u00e0 che si occupa del servizio idrico della Provincia di Bergamo e importante partner della Fondazione Teatro Donizetti. Nelle mattinate di sabato 25 e domenica 26, si potr\u00e0 partecipare a un vero e proprio itinerario dell\u2019acqua che si sviluppa in Citt\u00e0 Alta su un tratto di strade e viuzze di circa 3 km. Partenza alle ore 8.45 da Colle Aperto e arrivo al Serbatoio di Sant\u2019Agostino. 15 le tappe identificative\u00a0del giro all\u2019interno delle Mura: cisterne, fontane, lo storico lavatoio di via Mario Lupo.<\/p>\n<p><strong>\u00a0<\/strong><\/p>\n<p><strong>International Jazz Day<\/strong><\/p>\n<p>Bergamo Jazz celebra anche quest\u2019anno l\u2019International Jazz Day patrocinato dall\u2019UNESCO alla Sorgente Nossana di Ponte Nossa, una delle sorgenti di UniAcque. Domenica 30 aprile (ore 15.00) il clarinettista <strong>Francesco Chiapperini<\/strong> presenter\u00e0 <em>On The Bare Rocks and Glaciers<\/em>, omaggio al mondo alpino inteso come paesaggio ma soprattutto come pensiero forte di un mondo proiettato verso il cielo. \u00a0Accanto al leader ci saranno Virginia Sutera (violino), Vito Emanuele Galante (tromba), Andrea Ciceri (sax alto e soprano), Roger Rota (fagotto), Andrea Ferrari (sax baritono).<\/p>\n<p>Prima del concerto sar\u00e0 possibile partecipare a visite guidate alla Sorgente Nossana accompagnati da personale di UniAcque, a gruppi di massimo 15 persone con partenza ogni 15 minuti dalle ore 13.30 alle ore 14.30. In caso di maltempo il concerto si svolger\u00e0 presso il Santuario della Madonna delle Lacrime.<\/p>\n<p>&nbsp;<\/p>\n<p><strong>Bergamo Jazz Festival Green<\/strong><\/p>\n<p>Il sodalizio tra Bergamo Jazz e UniAcque si congiunge idealmente allo spirito ecosostenibile che il Festival ha abbracciato attivamente &#8211; oltre che con l\u2019adesione al progetto <strong>Green Friendly Event<\/strong> del Comune di Bergamo &#8211; con l\u2019entrata in <strong>Jazz Takes The Green<\/strong>, rete nazionale di 30 festival <em>verdi<\/em> distribuiti geograficamente tra 15 regioni. Gli aderenti a Jazz Takes The Green si sono dati l\u2019obbiettivo di favorire la riconversione dei festival jazz da eventi ad alto impatto ambientale a eventi Green, grazie all\u2019adozione dei Criteri Ambientali Minimi (CAM), tra i quali figurano: riduzione del consumo di risorse naturali e dei consumi energetici; mobilit\u00e0 sostenibile; gestione rifiuti; eliminazione dell\u2019uso della plastica; utilizzo di allestimenti scenici creati con materiali ecocompatibili. Non ultima, la scelta delle location in cui si svolgono i concerti.<\/p>\n<p>Per il suo impegno a favore dell\u2019ecosostenibilit\u00e0, Bergamo Jazz ha ricevuto una targa con menzione speciale nell\u2019ambito del <strong>Forum Compraverde Buygreen<\/strong> e del <strong>Premio Compraverde \u2013 Cultura in Verde 2022<\/strong>.<\/p>\n<p>&nbsp;<\/p>\n<p><strong>App Bergamo Jazz <\/strong><\/p>\n<p>In collaborazione con Mango Mobile Agency, Bergamo Jazz ha realizzato una App gratuita, utilizzabile sia con sistema Android che con Iphone. La App consente di accedere al programma del Festival e alle schede dei singoli eventi. Si possono anche avere informazioni di biglietteria ed \u00e8 disponibile una mappa delle location. Inoltre, agli utenti vengono inviate notifiche con aggiornamenti in tempo reale e gli alert relativi ai concerti inseriti nei Preferiti. La App \u00e8 anche dotata di una sezione denominata Campaign, grazie alla quale gli abbonati ricevono notifiche sullo stato del proprio abbonamento.<\/p>\n<p>&nbsp;<\/p>\n<p>Fondazione Teatro Donizetti e Bergamo Jazz Festival ringraziano: <strong>MIC \u2013 Ministero Italiano Cultura<\/strong>, <strong>Regione Lombardia<\/strong>, <strong>Camera di Commercio Bergamo <\/strong>(partner istituzionali), <strong>Allianz <\/strong>(Main Partner), <strong>Intesa Sanpaolo <\/strong>(special partner sezione Scintille di Jazz), <strong>UniAcque<\/strong>, <strong>Studio Avvocato Vincenzo Coppola<\/strong>, <strong>Fondazione Cariplo<\/strong>, <strong>KPMG<\/strong>, <strong>PT Avant<\/strong>, <strong>Rea Dalmine<\/strong>, <strong>Habilita<\/strong>; <strong>Claypaky <\/strong>e <strong>ATB <\/strong>(sponsor tecnici).<\/p>\n<p>Partner: <strong>Accademia Carrara<\/strong>, <strong>Bergamo Film Meeting<\/strong>, <strong>Fondazione MIA<\/strong>, <strong>CDpM Europe<\/strong>, <strong>CUT Bergamo<\/strong>, <strong>Nutopia<\/strong>, <strong>Cooperativa Citt\u00e0 Alta<\/strong>, <strong>Balzer Globe<\/strong>.<\/p>\n<p>Communication partner: <strong>NT Next Evolving Communication<\/strong>.<\/p>\n<p>Bergamo Jazz<strong>\u00a0<\/strong>Festival \u00e8 socio di <strong>I-Jazz <\/strong>e aderisce a<strong> Federazione Il Jazz Italiano <\/strong>e alla rete<strong> Jazz Takes The Green<\/strong>.<\/p>\n<p><strong>Comune di Bergamo <\/strong>e <strong>Comune di Brescia<\/strong>, per \u201cBergamo Brescia Capitale Italiana della Cultura 2023\u201d ringraziano: <strong>MIC \u2013 Ministero della Cultura<\/strong>, <strong>Regione Lombardia<\/strong>, <strong>Fondazione Cariplo<\/strong>, <strong>Provincia di Brescia<\/strong>, <strong>Provincia di Bergamo <\/strong>(partner istituzionali); <strong>Intesa San Paolo<\/strong>, <strong>A2A <\/strong>(main partner); <strong>Brembo <\/strong>(partner di sistema). In collaborazione con <strong>Fondazione della Comunit\u00e0 Bergamasca <\/strong>e <strong>Fondazione della Comunit\u00e0 Bresciana<\/strong>.<\/p>\n<p>Un ringraziamento speciale a tutti coloro che sostengono l\u2019attivit\u00e0 della Fondazione Teatro Donizetti (<a href=\"http:\/\/artbonus.gov.it\/\" target=\"_blank\" rel=\"noopener\">artbonus.gov.it<\/a>): Ambienta, A2A, Automha, Brembomatic, CRS Impianti, Cx Centax, Effegi, Fecs, Ferretticasa, Flow Meter, Gruppo Alimentare Ambrosini, Gruppo Rulmeca, Impresa Edile Stradale Artifoni, Ire Omba, Levorato, Lovato Electric, Ma.Bo, Milestone, Montello, M.S. Ambrogio, Nuova Demi, Omb Valves, Panestetic, <u><a href=\"http:\/\/Ri.Gom.Ma\" target=\"_blank\" rel=\"noopener\">Ri.Gom.Ma<\/a>,<\/u> 3v Green Eagle, Sacbo, Stucchi Group, Trussardi Petroli, Zanetti<\/p>\n<hr \/>\n<p><strong>Calendario VENDITA ABBONAMENTI E BIGLIETTI<br \/>\n<\/strong><strong>Rinnovo abbonamenti: <\/strong>dal 21 al 27 gennaio 2023<br \/>\n<strong>Concerti fuori abbonamento a pagamento: <\/strong>dal 21 gennaio 2023<br \/>\n<strong>Nuovi abbonamenti: <\/strong>dal 4 febbraio 2023<br \/>\n<strong>Biglietti singole serate al Teatro Donizetti: <\/strong>dall\u201911 febbraio 2023<\/p>\n<p>&nbsp;<\/p>\n<p><strong>PREZZI ABBONAMENTI E BIGLIETTI<br \/>\n<\/strong><strong>Abbonamenti alle 3 serate al Teatro Donizetti<\/strong>: da 32 a 80 Euro, ridotti da 26 a 64 Euro<br \/>\n<strong>Biglietti concerti al Teatro Donizetti<\/strong>: da 15 a 38 Euro, ridotti da 12 a 30 Euro<br \/>\n<strong>Concerti fuori abbonamento<\/strong>: biglietto intero da 8 a 10 Euro, ridotti 8 Euro<br \/>\n<strong>Concerti al Teatro Sociale del 23 e 26 marzo: <\/strong>biglietto intero 19 Euro, ridotto 15 Euro<br \/>\nLa riduzione per biglietti e abbonamenti al Teatro Donizetti \u00e8 valida per i giovani under 30.<br \/>\nLa riduzione sui biglietti per i concerti fuori abbonamento \u00e8 valida per giovani under 30 anni, abbonati concerti al Teatro Donizetti, soci LAB 80 e CDpM Europe.<br \/>\nConcerto all\u2019Accademia Carrara del 22 marzo: biglietto intero 13 Euro, ridotto 10 Euro (solo per abbonati Bergamo Jazz 2023). Con il biglietto di ingresso sar\u00e0 possibile visitare la collezione permanente e la mostra \u201cCecco del Caravaggio. L\u2019allievo modello\u201d<br \/>\n<strong>Concerti di \u201cScintille di Jazz\u201d<\/strong>: Ingresso gratuito su prenotazione fino ad esaurimento posti contattando direttamente la location dell\u2019evento.<br \/>\n<strong>Concerto alla Sorgente Nossana del 30 aprile<\/strong>: ingresso gratuito su prenotazione fino ad esaurimento posti.<\/p>\n<hr \/>\n<p><strong>INFORMAZIONI BIGLIETTERIA<br \/>\n<\/strong><em>c\/o<\/em> <strong>TEATRO DONIZETTI<br \/>\n<\/strong>Piazza Cavour, 15<br \/>\nTel. 035.4160 601\/602\/603<br \/>\nE-mail biglietteria@fondazioneteatrodonizetti.org<br \/>\n<u>Orari:<br \/>\n<\/u>Da marted\u00ec a sabato | ore 13.00-20.00*<br \/>\n*nei giorni di concerto fino all\u2019inizio dello stesso<br \/>\nDomenica 26 marzo 2023 | ore 13.00-21.00<\/p>\n<p><em>c\/o<\/em> <strong>ALTRI LUOGHI DI SPETTACOLO<br \/>\n<\/strong>La biglietteria apre 1 ora e mezza prima dell\u2019inizio del concerto<\/p>\n","protected":false},"excerpt":{"rendered":"<p>La Fondazione Teatro Donizetti, con il Comune di Bergamo, presenta la 44a edizione di Bergamo Jazz Festival: un\u2019edizione, organizzata in collaborazione con numerosi partner istituzionali e privati, che si svolger\u00e0 dal 19 al 26 marzo prossimi, nel quadro degli eventi di \u201cBergamo Brescia Capitale Italiana della Cultura 2023\u201d. Sar\u00e0 come sempre un Festival \u2013 che ora \u00e8 inserito nelle graduatorie riservate alla musica jazz del FUS-Fondo Unico dello Spettacolo \u2013 ricco di artisti internazionali, ospiti del Teatro Donizetti, con le tre consuete serate in abbonamento (dal 24 al 26 marzo), del Teatro Sociale e di altri luoghi della Citt\u00e0, musei, chiese, locali che si trasformano in accoglienti jazz club. Ampio rilievo sar\u00e0 dato al jazz nazionale, tra musicisti ampiamente affermati e giovani talenti, alla didattica e all\u2019incontro con altre arti. Sar\u00e0 soprattutto un\u2019occasione per immergersi in quel variegato, vitale mondo sonoro che si chiama jazz, partendo da alcune riflessioni programmatiche, come osserva Maria Pia De Vito, Direttrice Artistica di Bergamo Jazz 2023: \u00abLa Musica tutta pu\u00f2 essere definita come \u201cla scienza dell\u2019organizzazione dei suoni\u201d. E, in misura pi\u00f9 o meno organizzata, crea uno spazio\/tempo i cui ritmi ci portano in una dimensione diversa da quella quotidiana. In un altrove pi\u00f9 grande di noi, qualcosa di collettivo in cui ci riconosciamo, o un luogo che ci pare pi\u00f9 alto e spazioso, spirituale o dal richiamo ancestrale. \u00c8 questo che ci fa desiderare di riascoltare, riprodurre un brano sinfonico, un\u2019aria d\u2019opera, una grande canzone. Ma quando parliamo di jazz, sia esso pi\u00f9 vicino alla tradizione che alle forme pi\u00f9 aperte ed improvvisate, parliamo di una musica che \u00e8 un\u2019esperienza ogni volta trasformativa. Si \u00e8 quindi all\u2019ascolto di un movimento sonoro che permette di essere guidati dalle profondit\u00e0 ancestrali del proprio subconscio\u00bb. \u00abIl jazz \u00e8, a mio avviso, una forma d\u2019arte profondamente spirituale, vicina alla meditazione, e d\u2019altro canto laica e democratica, cerebrale o dionisiaca, in ogni caso disposta al rischio. Il programma del festival Bergamo Jazz 2023 presenter\u00e0 concerti in cui il testamento e l\u2019agire spirituale di grandi maestri in alcuni progetti \u00e8 esplicito. In altri, pu\u00f2 essere sottotraccia, non dichiarato a parole, ma sempre e comunque presente nei suoni e nei gesti\u00bb, conclude la cantante e compositrice. Bergamo Jazz 2023 \u00e8 realizzato grazie al sostegno di MIC \u2013 Ministero Italiano della Cultura, Regione Lombardia, Allianz, Main Partner della Fondazione Teatro Donizetti, Camera di Commercio di Bergamo, UniAcque, Intesa Sanpaolo, Special Partner della sezione \u201cScintille di Jazz\u201d, Studio Avvocato Vincenzo Coppola, Fondazione Cariplo, KPMG, Polo Tematico Avantgarde, Rea Dalmine, Habilita, Claypaky e ATB. &nbsp; Jazz al Donizetti Il Teatro Donizetti \u00e8 l\u2019immancabile principale \u201ccasa\u201d di Bergamo Jazz, con le sue tre serate in abbonamento amatissime dai bergamaschi ma anche da chi proviene da ogni parte d\u2019Italia e da oltre confine. Dal 24 al 26 marzo (ore 20.30, nuovo orario) si alterneranno sul suo prestigioso palcoscenico nomi importanti del jazz delle due sponde dell\u2019oceano, cominciando la sera di venerd\u00ec 24 con l\u2019incontro al vertice tra due forti personalit\u00e0 del jazz italiano: Paolo Fresu<\/p>\n","protected":false},"author":2,"featured_media":19505,"comment_status":"closed","ping_status":"closed","sticky":false,"template":"","format":"standard","meta":{"footnotes":""},"categories":[70],"tags":[],"post_folder":[],"class_list":["post-19522","post","type-post","status-publish","format-standard","has-post-thumbnail","hentry","category-news"],"_links":{"self":[{"href":"https:\/\/www.teatrodonizetti.it\/it\/wp-json\/wp\/v2\/posts\/19522","targetHints":{"allow":["GET"]}}],"collection":[{"href":"https:\/\/www.teatrodonizetti.it\/it\/wp-json\/wp\/v2\/posts"}],"about":[{"href":"https:\/\/www.teatrodonizetti.it\/it\/wp-json\/wp\/v2\/types\/post"}],"author":[{"embeddable":true,"href":"https:\/\/www.teatrodonizetti.it\/it\/wp-json\/wp\/v2\/users\/2"}],"replies":[{"embeddable":true,"href":"https:\/\/www.teatrodonizetti.it\/it\/wp-json\/wp\/v2\/comments?post=19522"}],"version-history":[{"count":0,"href":"https:\/\/www.teatrodonizetti.it\/it\/wp-json\/wp\/v2\/posts\/19522\/revisions"}],"wp:featuredmedia":[{"embeddable":true,"href":"https:\/\/www.teatrodonizetti.it\/it\/wp-json\/wp\/v2\/media\/19505"}],"wp:attachment":[{"href":"https:\/\/www.teatrodonizetti.it\/it\/wp-json\/wp\/v2\/media?parent=19522"}],"wp:term":[{"taxonomy":"category","embeddable":true,"href":"https:\/\/www.teatrodonizetti.it\/it\/wp-json\/wp\/v2\/categories?post=19522"},{"taxonomy":"post_tag","embeddable":true,"href":"https:\/\/www.teatrodonizetti.it\/it\/wp-json\/wp\/v2\/tags?post=19522"},{"taxonomy":"post_folder","embeddable":true,"href":"https:\/\/www.teatrodonizetti.it\/it\/wp-json\/wp\/v2\/post_folder?post=19522"}],"curies":[{"name":"wp","href":"https:\/\/api.w.org\/{rel}","templated":true}]}}