{"id":19075,"date":"2022-11-30T15:47:05","date_gmt":"2022-11-30T14:47:05","guid":{"rendered":"https:\/\/www.teatrodonizetti.it\/?p=19075"},"modified":"2022-11-30T15:47:05","modified_gmt":"2022-11-30T14:47:05","slug":"donizetti-christmas-day","status":"publish","type":"post","link":"https:\/\/www.teatrodonizetti.it\/it\/donizetti-christmas-day\/","title":{"rendered":"Donizetti Christmas Day"},"content":{"rendered":"<h4 style=\"text-align: center;\"><strong>PER L\u2019ULTIMO GIORNO DI FESTIVAL UN UNICO PALCOSCENICO CITTADINO PER LA MUSICA DI GAETANO TRA IL TEATRO DONIZETTI E IL CENTRO PIACENTINIANO<\/strong><\/p>\n<p><em>Dalle 10 alle 20.30 presentazioni, concerti e visite guidate a ingresso gratuito, aspettando il Natale, in collaborazione con Immobiliare della Fiera S.p.A.<\/em><br \/>\n<em>Edizione speciale di \u201cCitofonare Gaetano\u201d con il pubblico in sala per commentare\u00a0<\/em>Chiara e Serafina<em>\u00a0insieme a Diego Passoni, Cristiana Bugatty e Alberto Mattioli<\/em><br \/>\n<em>Si presenta il nuovo libro dedicato alla Filarmonica di Bergamo e il nuovo cd con Javier Camarena e Riccardo Frizza<\/em><\/h4>\n<p>&nbsp;<\/p>\n<p>Nell\u2019ultimo weekend dell\u2019ottava edizione del festival, torna\u00a0<strong>Donizetti Christmas Day,\u00a0<\/strong>l\u2019iniziativa natalizia della Fondazione Teatro Donizetti, realizzata in collaborazione con\u00a0<strong>Immobiliare della Fiera S.p.A.\u00a0<\/strong>che festeggia la definitiva sistemazione della nuova agor\u00e0 cittadina formatasi fra il Teatro, il Sentierone e piazza Dante riaperta dopo i restauri.<\/p>\n<p><strong>Domenica 4 dicembre,<\/strong>\u00a0dalle 10,\u00a0per un\u2019intera giornata, il Teatro Donizetti e il Centro Piacentiniano saranno uniti nel segno della musica di Donizetti. I locali di ristorazione dei portici come Balzer, Legami Sushi&amp;More e Antica Fiera, oltre ad alcuni esercizi commerciali come ArtEvents Mazzoleni, Neroli32, Tiziana Fausti, Li-Mon e Laura Natali, si trasformeranno in palcoscenici d\u2019eccezione insieme agli spazi del Teatro Donizetti, ospitando una serie di iniziative e concerti a tema.<\/p>\n<p>Durante la giornata il Quadriportico sar\u00e0 animato al mattino dagli ottoni del Quartetto FantaBrass, mentre nel pomeriggio dal suono delle cornamuse B\u00e8rghem Bagh\u00e8t che diffonderanno originali trascrizioni di pagine donizettiane; all\u2019ora dell\u2019aperitivo ci sar\u00e0, nella zona del dehor del Balzer, un angolo dj con Jodi Pedrali.<br \/>\nGli artisti coinvolti nei\u00a0concerti in programma sono: Achrome Ensemble, Estudiantina Ensemble, Ensemble Musica Aperta,\u00a0il Quartetto FantaBrass, il duo voce e fisarmonica Tomaz\u2019o, Ferruccio Filipazzi e Piccolo Canto, Ichos percussioni, il duo Podera Mezzanotti.\u00a0Altri appuntamenti sono realizzati grazie a due fondamentali collaborazioni con istituzioni della citt\u00e0: il\u00a0<strong>Conservatorio \u201cGaetano Donizetti\u201d<\/strong>, che sar\u00e0 presente con una serie di ensemble formati dai propri allievi, e il\u00a0<strong>Festival organistico internazionale \u201cCitt\u00e0 di Bergamo\u201d\u00a0<\/strong>per il concerto di Stefano Rattini di improvvisazioni\u00a0all\u2019organo su brani donizettiani nella Chiesa di San Bartolomeo.<\/p>\n<p>Nel ridotto Gavazzeni del Teatro Donizetti si susseguiranno tre appuntamenti imperdibili. Si comincia alle ore 10 con la\u00a0<strong>presentazione del volume di Maurizio Merisio<\/strong>\u00a0(musicologo della sezione scientifica del festival) dal titolo\u00a0<strong><em>L\u2019Unione Filarmonica di Bergamo: una cronistoria\u00a0<\/em><\/strong>edito dalla Fondazione Teatro Donizetti, del quale parleranno Livio Aragona, Edoardo Cavalli, Paolo Fabbri e Candida Mantica. A seguire concerto dell\u2019ensemble Musica Aperta dedicato a pagine di Giovanni Simone Mayr, fondatore dell\u2019Unione Filarmonica.<br \/>\nA mezzogiorno invece\u00a0<strong>presentazione del cd<\/strong>\u00a0dell\u2019etichetta discografica Pentatone, in collaborazione con il festival,\u00a0<strong><em>Signor Gaetano<\/em><\/strong>\u00a0registrato al Teatro Donizetti dal tenore Javier Camarena con l\u2019orchestra Gli originali diretta da Riccardo Frizza. Con gli artisti ne parleranno Livio Aragona e Alberto Mattioli, per questa incisione uscita alcune settimane fa proprio in occasione del festival e che sta raccogliendo grandi consensi dalla critica internazionale.<br \/>\nAlle ore 15.15 ci sar\u00e0 la possibilit\u00e0 di partecipare a una speciale edizione di\u00a0<strong><em>Citofonare Gaetano Live<\/em><\/strong>, il salotto di commenti condotto da Diego Passoni, Cristina Bugatty e Alberto Mattioli. Diversi gli ospiti che interverranno sui temi dell\u2019opera\u00a0<em>Chiara e Serafina,<\/em>\u00a0che sar\u00e0 trasmessa su un videowall e della quale si vedranno i momenti salienti\u00a0(prenotazione consigliata su\u00a0<a href=\"http:\/\/donizetti.org\/\" target=\"_blank\" rel=\"noopener\" data-saferedirecturl=\"https:\/\/www.google.com\/url?q=http:\/\/donizetti.org&amp;source=gmail&amp;ust=1669903830115000&amp;usg=AOvVaw0h6q510Pc5M7pop-3a_fQ6\">donizetti.org<\/a>).<\/p>\n<p>Dalle ore 10 sar\u00e0 possibile entrare al Teatro Donizetti con una serie di visite guidate gratuite (prenotazione consigliata su\u00a0<a href=\"http:\/\/donizetti.org\/\" target=\"_blank\" rel=\"noopener\" data-saferedirecturl=\"https:\/\/www.google.com\/url?q=http:\/\/donizetti.org&amp;source=gmail&amp;ust=1669903830115000&amp;usg=AOvVaw0h6q510Pc5M7pop-3a_fQ6\">donizetti.org<\/a>)\u00a0<strong>Donizetti Welcome<\/strong>, condotte dagli studenti volontari delle scuole superiori che hanno svolto i loro PCTO nella Fondazione.<br \/>\nDalle 12 alle 17 si potr\u00e0 esplorare gratuitamente \u201cBergamo Citt\u00e0 di Donizetti\u201d a bordo dei\u00a0<strong>Tuk Tuk ecosostenibili,\u00a0<\/strong>un progetto promosso dal Consorzio turistico di Bergamo con Visit Bergamo come partner: una passeggiata verso Citt\u00e0 Alta e ritorno accompagnati da una guida specializzata che illustrer\u00e0 i luoghi legati al musicista come la Casa natale, la Basilica di Santa Maria Maggiore, il Teatro Sociale, etc.(circa 50 minuti).<br \/>\nInfine, alle 20.30 al Cineteatro Boccaleone,\u00a0<strong>Tasso Evergreen,\u00a0<\/strong>uno spettacolo ispirato all&#8217;opera\u00a0<em>Torquato Tasso<\/em>\u00a0di Donizetti, realizzato dal Liceo Lussana, dal Liceo Secco Suardo e dell&#8217;Istituto Caniana. Un&#8217;iniziativa che rientra nelle collaborazioni di Donizetti Educational.<\/p>\n<p>Tutti i concerti sono a ingresso gratuito.<\/p>\n","protected":false},"excerpt":{"rendered":"<p>PER L\u2019ULTIMO GIORNO DI FESTIVAL UN UNICO PALCOSCENICO CITTADINO PER LA MUSICA DI GAETANO TRA IL TEATRO DONIZETTI E IL CENTRO PIACENTINIANO Dalle 10 alle 20.30 presentazioni, concerti e visite guidate a ingresso gratuito, aspettando il Natale, in collaborazione con Immobiliare della Fiera S.p.A. Edizione speciale di \u201cCitofonare Gaetano\u201d con il pubblico in sala per commentare\u00a0Chiara e Serafina\u00a0insieme a Diego Passoni, Cristiana Bugatty e Alberto Mattioli Si presenta il nuovo libro dedicato alla Filarmonica di Bergamo e il nuovo cd con Javier Camarena e Riccardo Frizza &nbsp; Nell\u2019ultimo weekend dell\u2019ottava edizione del festival, torna\u00a0Donizetti Christmas Day,\u00a0l\u2019iniziativa natalizia della Fondazione Teatro Donizetti, realizzata in collaborazione con\u00a0Immobiliare della Fiera S.p.A.\u00a0che festeggia la definitiva sistemazione della nuova agor\u00e0 cittadina formatasi fra il Teatro, il Sentierone e piazza Dante riaperta dopo i restauri. Domenica 4 dicembre,\u00a0dalle 10,\u00a0per un\u2019intera giornata, il Teatro Donizetti e il Centro Piacentiniano saranno uniti nel segno della musica di Donizetti. I locali di ristorazione dei portici come Balzer, Legami Sushi&amp;More e Antica Fiera, oltre ad alcuni esercizi commerciali come ArtEvents Mazzoleni, Neroli32, Tiziana Fausti, Li-Mon e Laura Natali, si trasformeranno in palcoscenici d\u2019eccezione insieme agli spazi del Teatro Donizetti, ospitando una serie di iniziative e concerti a tema. Durante la giornata il Quadriportico sar\u00e0 animato al mattino dagli ottoni del Quartetto FantaBrass, mentre nel pomeriggio dal suono delle cornamuse B\u00e8rghem Bagh\u00e8t che diffonderanno originali trascrizioni di pagine donizettiane; all\u2019ora dell\u2019aperitivo ci sar\u00e0, nella zona del dehor del Balzer, un angolo dj con Jodi Pedrali. Gli artisti coinvolti nei\u00a0concerti in programma sono: Achrome Ensemble, Estudiantina Ensemble, Ensemble Musica Aperta,\u00a0il Quartetto FantaBrass, il duo voce e fisarmonica Tomaz\u2019o, Ferruccio Filipazzi e Piccolo Canto, Ichos percussioni, il duo Podera Mezzanotti.\u00a0Altri appuntamenti sono realizzati grazie a due fondamentali collaborazioni con istituzioni della citt\u00e0: il\u00a0Conservatorio \u201cGaetano Donizetti\u201d, che sar\u00e0 presente con una serie di ensemble formati dai propri allievi, e il\u00a0Festival organistico internazionale \u201cCitt\u00e0 di Bergamo\u201d\u00a0per il concerto di Stefano Rattini di improvvisazioni\u00a0all\u2019organo su brani donizettiani nella Chiesa di San Bartolomeo. Nel ridotto Gavazzeni del Teatro Donizetti si susseguiranno tre appuntamenti imperdibili. Si comincia alle ore 10 con la\u00a0presentazione del volume di Maurizio Merisio\u00a0(musicologo della sezione scientifica del festival) dal titolo\u00a0L\u2019Unione Filarmonica di Bergamo: una cronistoria\u00a0edito dalla Fondazione Teatro Donizetti, del quale parleranno Livio Aragona, Edoardo Cavalli, Paolo Fabbri e Candida Mantica. A seguire concerto dell\u2019ensemble Musica Aperta dedicato a pagine di Giovanni Simone Mayr, fondatore dell\u2019Unione Filarmonica. A mezzogiorno invece\u00a0presentazione del cd\u00a0dell\u2019etichetta discografica Pentatone, in collaborazione con il festival,\u00a0Signor Gaetano\u00a0registrato al Teatro Donizetti dal tenore Javier Camarena con l\u2019orchestra Gli originali diretta da Riccardo Frizza. Con gli artisti ne parleranno Livio Aragona e Alberto Mattioli, per questa incisione uscita alcune settimane fa proprio in occasione del festival e che sta raccogliendo grandi consensi dalla critica internazionale. Alle ore 15.15 ci sar\u00e0 la possibilit\u00e0 di partecipare a una speciale edizione di\u00a0Citofonare Gaetano Live, il salotto di commenti condotto da Diego Passoni, Cristina Bugatty e Alberto Mattioli. Diversi gli ospiti che interverranno sui temi dell\u2019opera\u00a0Chiara e Serafina,\u00a0che sar\u00e0 trasmessa su un videowall e della quale si<\/p>\n","protected":false},"author":2,"featured_media":19076,"comment_status":"closed","ping_status":"closed","sticky":false,"template":"","format":"standard","meta":{"footnotes":""},"categories":[70],"tags":[],"post_folder":[],"class_list":["post-19075","post","type-post","status-publish","format-standard","has-post-thumbnail","hentry","category-news"],"_links":{"self":[{"href":"https:\/\/www.teatrodonizetti.it\/it\/wp-json\/wp\/v2\/posts\/19075","targetHints":{"allow":["GET"]}}],"collection":[{"href":"https:\/\/www.teatrodonizetti.it\/it\/wp-json\/wp\/v2\/posts"}],"about":[{"href":"https:\/\/www.teatrodonizetti.it\/it\/wp-json\/wp\/v2\/types\/post"}],"author":[{"embeddable":true,"href":"https:\/\/www.teatrodonizetti.it\/it\/wp-json\/wp\/v2\/users\/2"}],"replies":[{"embeddable":true,"href":"https:\/\/www.teatrodonizetti.it\/it\/wp-json\/wp\/v2\/comments?post=19075"}],"version-history":[{"count":0,"href":"https:\/\/www.teatrodonizetti.it\/it\/wp-json\/wp\/v2\/posts\/19075\/revisions"}],"wp:featuredmedia":[{"embeddable":true,"href":"https:\/\/www.teatrodonizetti.it\/it\/wp-json\/wp\/v2\/media\/19076"}],"wp:attachment":[{"href":"https:\/\/www.teatrodonizetti.it\/it\/wp-json\/wp\/v2\/media?parent=19075"}],"wp:term":[{"taxonomy":"category","embeddable":true,"href":"https:\/\/www.teatrodonizetti.it\/it\/wp-json\/wp\/v2\/categories?post=19075"},{"taxonomy":"post_tag","embeddable":true,"href":"https:\/\/www.teatrodonizetti.it\/it\/wp-json\/wp\/v2\/tags?post=19075"},{"taxonomy":"post_folder","embeddable":true,"href":"https:\/\/www.teatrodonizetti.it\/it\/wp-json\/wp\/v2\/post_folder?post=19075"}],"curies":[{"name":"wp","href":"https:\/\/api.w.org\/{rel}","templated":true}]}}